{"id":2655,"date":"2020-08-11T15:43:01","date_gmt":"2020-08-11T15:43:01","guid":{"rendered":"https:\/\/obispadosanfelipe.cl\/2020\/?p=2655"},"modified":"2020-08-12T22:36:30","modified_gmt":"2020-08-12T22:36:30","slug":"triduo-de-oracion-por-la-ordenacion-episcopal-del-padre-gonzalo-bravo","status":"publish","type":"post","link":"https:\/\/obispadosanfelipe.cl\/2020\/triduo-de-oracion-por-la-ordenacion-episcopal-del-padre-gonzalo-bravo\/","title":{"rendered":"Triduo de Oraci\u00f3n por la Ordenaci\u00f3n Episcopal del Padre Gonzalo Bravo"},"content":{"rendered":"<div class=\"txt\"><strong><em>Invitamos a todos a unirnos en la oraci\u00f3n con el fin de seguir\u00a0 prepar\u00e1ndonos\u00a0 para este acontecimiento y acompa\u00f1ar al nuevo Pastor.<\/em><\/strong><\/div>\n<div><\/div>\n<div class=\"txt\">\n<p><img class=\"foto\" src=\"https:\/\/www.obispadosanfelipe.cl\/images\/img_noticias\/fotoportada5f2e1422c544a_07082020_1055pm.jpg\" width=\"230\" align=\"right\" hspace=\"10\" vspace=\"5\" \/>La Ordenaci\u00f3n Episcopal\u00a0del Padre Gonzalo Bravo \u00c1lvarez, se convierte en un acontecimiento de alegr\u00eda y esperanza para la Iglesia que peregrina en los valles de las Provincias de San Felipe, Los Andes y Petorca.<\/p>\n<p>Con el fin de seguir\u00a0 prepar\u00e1ndonos\u00a0 para este acontecimiento y acompa\u00f1ar al nuevo Pastor con nuestra oraci\u00f3n, quiero invitarles a unirnos en oraci\u00f3n, acompa\u00f1ados por el Triduo de Oraci\u00f3n que se adjunta.<\/p>\n<p>Reiterando mis buenos deseos, agradecido de antemano, les bendice en el Se\u00f1or.<\/p>\n<p>&nbsp;<\/p>\n<p>P. Vicente Montenegro Lazo<\/p>\n<p>Vicario de Pastoral<\/p>\n<\/div>\n","protected":false},"excerpt":{"rendered":"<p>Invitamos a todos a unirnos en la oraci\u00f3n con el fin de seguir\u00a0 prepar\u00e1ndonos\u00a0 para este acontecimiento y acompa\u00f1ar al nuevo Pastor. La Ordenaci\u00f3n Episcopal\u00a0del Padre Gonzalo Bravo \u00c1lvarez, se&hellip;<\/p>\n","protected":false},"author":1,"featured_media":2644,"comment_status":"closed","ping_status":"open","sticky":false,"template":"","format":"standard","meta":[],"categories":[5,4],"tags":[],"_links":{"self":[{"href":"https:\/\/obispadosanfelipe.cl\/2020\/wp-json\/wp\/v2\/posts\/2655"}],"collection":[{"href":"https:\/\/obispadosanfelipe.cl\/2020\/wp-json\/wp\/v2\/posts"}],"about":[{"href":"https:\/\/obispadosanfelipe.cl\/2020\/wp-json\/wp\/v2\/types\/post"}],"author":[{"embeddable":true,"href":"https:\/\/obispadosanfelipe.cl\/2020\/wp-json\/wp\/v2\/users\/1"}],"replies":[{"embeddable":true,"href":"https:\/\/obispadosanfelipe.cl\/2020\/wp-json\/wp\/v2\/comments?post=2655"}],"version-history":[{"count":0,"href":"https:\/\/obispadosanfelipe.cl\/2020\/wp-json\/wp\/v2\/posts\/2655\/revisions"}],"wp:featuredmedia":[{"embeddable":true,"href":"https:\/\/obispadosanfelipe.cl\/2020\/wp-json\/wp\/v2\/media\/2644"}],"wp:attachment":[{"href":"https:\/\/obispadosanfelipe.cl\/2020\/wp-json\/wp\/v2\/media?parent=2655"}],"wp:term":[{"taxonomy":"category","embeddable":true,"href":"https:\/\/obispadosanfelipe.cl\/2020\/wp-json\/wp\/v2\/categories?post=2655"},{"taxonomy":"post_tag","embeddable":true,"href":"https:\/\/obispadosanfelipe.cl\/2020\/wp-json\/wp\/v2\/tags?post=2655"}],"curies":[{"name":"wp","href":"https:\/\/api.w.org\/{rel}","templated":true}]}}