{"id":2837,"date":"2020-08-12T23:04:37","date_gmt":"2020-08-12T23:04:37","guid":{"rendered":"https:\/\/obispadosanfelipe.cl\/2020\/?p=2837"},"modified":"2020-08-12T23:05:32","modified_gmt":"2020-08-12T23:05:32","slug":"seminario-online-cinco-claves-para-conocer-el-nuevo-directorio-para-la-catequesis","status":"publish","type":"post","link":"https:\/\/obispadosanfelipe.cl\/2020\/seminario-online-cinco-claves-para-conocer-el-nuevo-directorio-para-la-catequesis\/","title":{"rendered":"Seminario Online: Cinco claves para conocer el nuevo Directorio para la Catequesis"},"content":{"rendered":"<div class=\"txt\"><strong><em>Entre el 17 al 21 de agosto de 19:00 a 20:30 hrs. se desarrollar\u00e1 v\u00eda online el Seminario Nacional de Catequesis al que se invita a participar a catequistas de todo el pa\u00eds.<\/em><\/strong><\/div>\n<div class=\"txt\">\n<p><img class=\"foto\" src=\"https:\/\/www.obispadosanfelipe.cl\/images\/img_noticias\/fotoportada5f32a95577b47_11082020_1121am.jpg\" width=\"230\" align=\"right\" hspace=\"10\" vspace=\"5\" \/><\/p>\n<p>Con el objetivo de presentar de forma descriptiva los elementos centrales de la catequesis que ofrece el nuevo \u00abDirectorio para la Catequesis\u00bb (2020), que contribuyan a la renovaci\u00f3n de la Catequesis en Chile, se invita a este seminario virtual a todos los equipos diocesanos, coordinadores parroquiales, catequistas de base, asesores y formadores de catequistas.<\/p>\n<p>Este seminario se podra seguir v\u00eda online por los siguientes canales de Facebook Live:<\/p>\n<p><strong><a href=\"https:\/\/www.facebook.com\/canaluctemuco\" target=\"_blank\" rel=\"noopener noreferrer\">https:\/\/www.facebook.com\/canaluctemuco<\/a><\/strong><br \/>\n<strong><a href=\"https:\/\/facebook.com\/iglesiacatolicachile\/\" target=\"_blank\" rel=\"noopener noreferrer\">https:\/\/facebook.com\/iglesiacatolicachile\/<\/a><\/strong><\/p>\n<p>INSCRIPCI\u00d3N:<br \/>\nAntes del 14 de agosto, con Mar\u00eda Eugenia Contreras al fono: 990310651 \/ 452297645 o al correo\u00a0<strong><a href=\"mailto:coordinaciondiocesana@gmail.com\">coordinaciondiocesana@gmail.com<\/a><\/strong>\u00a0enviando ficha de inscripci\u00f3n (<strong><a href=\"http:\/\/www.iglesia.cl\/documentos_sac\/10082020_234pm_5f318529d728e.pdf\" target=\"_blank\" rel=\"noopener noreferrer\">pinchar aqu\u00ed<\/a><\/strong>).<\/p>\n<p>INVITAN:<br \/>\n&#8211; Com\u00edsi\u00f3n Diocesana de Catequesis de la Di\u00f3cesis San Jos\u00e9 de Temuco.<br \/>\n&#8211; Comisi\u00f3n Nacional de Catequesis CECh.<br \/>\n&#8211; Universidad Cat\u00f3lica de Temuco.<\/p>\n<p>Fuente: Comunicaciones Temuco &#8211; \u00c1rea Eclesial CECh<\/p>\n<p><em>CECh, 10-08-2020<\/em><\/p>\n<\/div>\n","protected":false},"excerpt":{"rendered":"<p>Entre el 17 al 21 de agosto de 19:00 a 20:30 hrs. se desarrollar\u00e1 v\u00eda online el Seminario Nacional de Catequesis al que se invita a participar a catequistas de&hellip;<\/p>\n","protected":false},"author":1,"featured_media":2838,"comment_status":"closed","ping_status":"open","sticky":false,"template":"","format":"standard","meta":[],"categories":[5],"tags":[],"_links":{"self":[{"href":"https:\/\/obispadosanfelipe.cl\/2020\/wp-json\/wp\/v2\/posts\/2837"}],"collection":[{"href":"https:\/\/obispadosanfelipe.cl\/2020\/wp-json\/wp\/v2\/posts"}],"about":[{"href":"https:\/\/obispadosanfelipe.cl\/2020\/wp-json\/wp\/v2\/types\/post"}],"author":[{"embeddable":true,"href":"https:\/\/obispadosanfelipe.cl\/2020\/wp-json\/wp\/v2\/users\/1"}],"replies":[{"embeddable":true,"href":"https:\/\/obispadosanfelipe.cl\/2020\/wp-json\/wp\/v2\/comments?post=2837"}],"version-history":[{"count":0,"href":"https:\/\/obispadosanfelipe.cl\/2020\/wp-json\/wp\/v2\/posts\/2837\/revisions"}],"wp:featuredmedia":[{"embeddable":true,"href":"https:\/\/obispadosanfelipe.cl\/2020\/wp-json\/wp\/v2\/media\/2838"}],"wp:attachment":[{"href":"https:\/\/obispadosanfelipe.cl\/2020\/wp-json\/wp\/v2\/media?parent=2837"}],"wp:term":[{"taxonomy":"category","embeddable":true,"href":"https:\/\/obispadosanfelipe.cl\/2020\/wp-json\/wp\/v2\/categories?post=2837"},{"taxonomy":"post_tag","embeddable":true,"href":"https:\/\/obispadosanfelipe.cl\/2020\/wp-json\/wp\/v2\/tags?post=2837"}],"curies":[{"name":"wp","href":"https:\/\/api.w.org\/{rel}","templated":true}]}}