{"id":2841,"date":"2020-08-12T23:07:26","date_gmt":"2020-08-12T23:07:26","guid":{"rendered":"https:\/\/obispadosanfelipe.cl\/2020\/?p=2841"},"modified":"2020-08-12T23:07:40","modified_gmt":"2020-08-12T23:07:40","slug":"icr-efectuara-diplomado-sobre-nuevo-programa-de-religion-catolica","status":"publish","type":"post","link":"https:\/\/obispadosanfelipe.cl\/2020\/icr-efectuara-diplomado-sobre-nuevo-programa-de-religion-catolica\/","title":{"rendered":"ICR efectuar\u00e1 Diplomado sobre Nuevo Programa de Religi\u00f3n Cat\u00f3lica"},"content":{"rendered":"<p>Este diplomado de modalidad virtual est\u00e1 dise\u00f1ado para profesores\/as de religi\u00f3n, directores\/as y jefes\/as de UTP de establecimientos educacionales de todo el pa\u00eds que deseen actualizarse en el Nuevo Programa de Religi\u00f3n Cat\u00f3lica.<\/p>\n<p>A partir del a\u00f1o 2021 entrar\u00e1 en vigor el Nuevo Programa de Religi\u00f3n Cat\u00f3lica que busca llegar al aula alineado al Curriculum Nacional, con un cambio de enfoque para la asignatura de religi\u00f3n cat\u00f3lica.<\/p>\n<p>El Diplomado\u00a0\u201cNuevo Programa de Religi\u00f3n Cat\u00f3lica: bases curriculares, estrategias did\u00e1cticas y evaluaci\u00f3n\u201d\u00a0modalidad virtual del Instituto de Ciencias Religiosas PUCV ofrecer\u00e1 instancias de aprendizaje y herramientas que servir\u00e1n a los estudiantes para la vida, con un foco de formaci\u00f3n humano, social y medioambiental, desde la propuesta cristiana de la Iglesia cat\u00f3lica.<\/p>\n<p>Este programa cuenta con actividades asincr\u00f3nicas y clases sincr\u00f3nicas los d\u00edas s\u00e1bados, de 9:30 a 11:00 horas, entre los meses de septiembre de 2020 a enero de 2021 . Los interesados en participar deben escribir al acad\u00e9mico Rodrigo Arriagada, jefe de Vinculaci\u00f3n con el Medio de la Facultad Eclesi\u00e1stica de Teolog\u00eda PUCV, al email:\u00a0<b><a href=\"mailto:rodrigo.arriagada@pucv.cl\">rodrigo.arriagada@pucv.cl<\/a><\/b><\/p>\n<p>Los profesionales que cursen el diplomado podr\u00e1n actualizarse y capacitarse, por medio de la adquisici\u00f3n de herramientas fundamentales, para el conocimiento e implementaci\u00f3n del Nuevo Programa de Religi\u00f3n Cat\u00f3lica.<\/p>\n<p>M\u00e1s informaci\u00f3n sobre este diplomado en el siguiente LINK\u00a0<b><a href=\"https:\/\/url2.cl\/zZ3YL\" target=\"_blank\" rel=\"noopener noreferrer\">https:\/\/url2.cl\/zZ3YL<\/a><\/b><\/p>\n<p>Fuente: Facultad Eclesi\u00e1stica de Teolog\u00eda PUCV &#8211; Comunicaciones de Valpara\u00edso<br \/>\n<span class=\"texto_fecha\"><em>Valpara\u00edso, 12-08-2020<\/em><\/span><\/p>\n","protected":false},"excerpt":{"rendered":"<p>Este diplomado de modalidad virtual est\u00e1 dise\u00f1ado para profesores\/as de religi\u00f3n, directores\/as y jefes\/as de UTP de establecimientos educacionales de todo el pa\u00eds que deseen actualizarse en el Nuevo Programa&hellip;<\/p>\n","protected":false},"author":1,"featured_media":2842,"comment_status":"closed","ping_status":"open","sticky":false,"template":"","format":"standard","meta":[],"categories":[5,8],"tags":[],"_links":{"self":[{"href":"https:\/\/obispadosanfelipe.cl\/2020\/wp-json\/wp\/v2\/posts\/2841"}],"collection":[{"href":"https:\/\/obispadosanfelipe.cl\/2020\/wp-json\/wp\/v2\/posts"}],"about":[{"href":"https:\/\/obispadosanfelipe.cl\/2020\/wp-json\/wp\/v2\/types\/post"}],"author":[{"embeddable":true,"href":"https:\/\/obispadosanfelipe.cl\/2020\/wp-json\/wp\/v2\/users\/1"}],"replies":[{"embeddable":true,"href":"https:\/\/obispadosanfelipe.cl\/2020\/wp-json\/wp\/v2\/comments?post=2841"}],"version-history":[{"count":0,"href":"https:\/\/obispadosanfelipe.cl\/2020\/wp-json\/wp\/v2\/posts\/2841\/revisions"}],"wp:featuredmedia":[{"embeddable":true,"href":"https:\/\/obispadosanfelipe.cl\/2020\/wp-json\/wp\/v2\/media\/2842"}],"wp:attachment":[{"href":"https:\/\/obispadosanfelipe.cl\/2020\/wp-json\/wp\/v2\/media?parent=2841"}],"wp:term":[{"taxonomy":"category","embeddable":true,"href":"https:\/\/obispadosanfelipe.cl\/2020\/wp-json\/wp\/v2\/categories?post=2841"},{"taxonomy":"post_tag","embeddable":true,"href":"https:\/\/obispadosanfelipe.cl\/2020\/wp-json\/wp\/v2\/tags?post=2841"}],"curies":[{"name":"wp","href":"https:\/\/api.w.org\/{rel}","templated":true}]}}