{"id":2845,"date":"2020-08-12T23:09:11","date_gmt":"2020-08-12T23:09:11","guid":{"rendered":"https:\/\/obispadosanfelipe.cl\/2020\/?p=2845"},"modified":"2020-08-12T23:09:26","modified_gmt":"2020-08-12T23:09:26","slug":"trasmision-ordenacion-episcopal-padre-gonzalo-bravo","status":"publish","type":"post","link":"https:\/\/obispadosanfelipe.cl\/2020\/trasmision-ordenacion-episcopal-padre-gonzalo-bravo\/","title":{"rendered":"Trasmisi\u00f3n Ordenaci\u00f3n Episcopal Padre Gonzalo Bravo"},"content":{"rendered":"<div class=\"txt\"><strong><em>igue la transmisi\u00f3n oficial en www.obispadosanfelipe.cl y Radio Encuentro FM.<\/em><\/strong><\/div>\n<div><\/div>\n<div class=\"txt\">\n<p><img class=\"foto\" src=\"https:\/\/www.obispadosanfelipe.cl\/images\/img_noticias\/fotoportada5f340c16f3c9b_12082020_1234pm.jpg\" width=\"230\" align=\"right\" hspace=\"10\" vspace=\"5\" \/>El pr\u00f3ximo s\u00e1bado 15 de Agosto a las 11.00 hrs celebraremos como Iglesia Diocesana la Ordenaci\u00f3n Episcopal y toma de posesi\u00f3n del nuevo obispo de San Felipe de Aconcagua, el Padre Gonzalo Bravo, desde el Santuario de Santa Teresa de Los Andes.<\/p>\n<p>Para poder seguir la trasmisi\u00f3n en directo de esta celebraci\u00f3n estar\u00e1 disponible en las siguientes plataformas y medios de comunicaci\u00f3n:<\/p>\n<p>P\u00e1gina web del Obispado de San Felipe\u00a0<a href=\"http:\/\/www.obispadosanfelipe.cl\/\">www.obispadosanfelipe.cl<\/a><\/p>\n<p>Facebook Comunicaciones Obispado de San Felipe.<\/p>\n<p>&nbsp;<\/p>\n<p>Radios<\/p>\n<ul>\n<li><strong>Radio Encuentro FM<\/strong><\/li>\n<li>Radio F\u00e1tima de Los Andes<\/li>\n<li>Radio Santo Domingo en La Ligua.<br \/>\nRadio Ntra. Sra. de la Merced 107.5 FM.<\/li>\n<\/ul>\n<p>Canal 39 de Petorca<br \/>\nAdem\u00e1s en las redes sociales de:<\/p>\n<ul>\n<li>Cultura Online<\/li>\n<li>En vivo con Fe<\/li>\n<li>Camino de Vida<\/li>\n<\/ul>\n<p>&nbsp;<\/p>\n<p>Fuente Comunicaciones<\/p>\n<\/div>\n","protected":false},"excerpt":{"rendered":"<p>igue la transmisi\u00f3n oficial en www.obispadosanfelipe.cl y Radio Encuentro FM. El pr\u00f3ximo s\u00e1bado 15 de Agosto a las 11.00 hrs celebraremos como Iglesia Diocesana la Ordenaci\u00f3n Episcopal y toma de&hellip;<\/p>\n","protected":false},"author":1,"featured_media":2846,"comment_status":"closed","ping_status":"open","sticky":false,"template":"","format":"standard","meta":[],"categories":[5],"tags":[],"_links":{"self":[{"href":"https:\/\/obispadosanfelipe.cl\/2020\/wp-json\/wp\/v2\/posts\/2845"}],"collection":[{"href":"https:\/\/obispadosanfelipe.cl\/2020\/wp-json\/wp\/v2\/posts"}],"about":[{"href":"https:\/\/obispadosanfelipe.cl\/2020\/wp-json\/wp\/v2\/types\/post"}],"author":[{"embeddable":true,"href":"https:\/\/obispadosanfelipe.cl\/2020\/wp-json\/wp\/v2\/users\/1"}],"replies":[{"embeddable":true,"href":"https:\/\/obispadosanfelipe.cl\/2020\/wp-json\/wp\/v2\/comments?post=2845"}],"version-history":[{"count":0,"href":"https:\/\/obispadosanfelipe.cl\/2020\/wp-json\/wp\/v2\/posts\/2845\/revisions"}],"wp:featuredmedia":[{"embeddable":true,"href":"https:\/\/obispadosanfelipe.cl\/2020\/wp-json\/wp\/v2\/media\/2846"}],"wp:attachment":[{"href":"https:\/\/obispadosanfelipe.cl\/2020\/wp-json\/wp\/v2\/media?parent=2845"}],"wp:term":[{"taxonomy":"category","embeddable":true,"href":"https:\/\/obispadosanfelipe.cl\/2020\/wp-json\/wp\/v2\/categories?post=2845"},{"taxonomy":"post_tag","embeddable":true,"href":"https:\/\/obispadosanfelipe.cl\/2020\/wp-json\/wp\/v2\/tags?post=2845"}],"curies":[{"name":"wp","href":"https:\/\/api.w.org\/{rel}","templated":true}]}}