{"id":3112,"date":"2020-08-15T17:59:33","date_gmt":"2020-08-15T17:59:33","guid":{"rendered":"https:\/\/obispadosanfelipe.cl\/2020\/?p=3112"},"modified":"2020-08-17T23:21:02","modified_gmt":"2020-08-17T23:21:02","slug":"san-felipe-tiene-nuevo-obispo-comunicado-de-prensa","status":"publish","type":"post","link":"https:\/\/obispadosanfelipe.cl\/2020\/san-felipe-tiene-nuevo-obispo-comunicado-de-prensa\/","title":{"rendered":"San Felipe tiene nuevo Obispo \/ Comunicado de prensa"},"content":{"rendered":"<p class=\"western\" align=\"left\"><span style=\"font-family: Arial, sans-serif;\"><span style=\"font-size: xx-large;\">\u00a0<\/span><\/span><\/p>\n<p class=\"western\" align=\"justify\"><span style=\"font-family: Arial, sans-serif;\"><span style=\"font-size: large;\"><b>Fue consagrado y tom\u00f3 posici\u00f3n de la di\u00f3cesis el presb\u00edtero Gonzalo Bravo \u00c1lvarez, quien envi\u00f3 un saludo a la comunidad manifestando que ven\u00eda a la di\u00f3cesis \u201ca \u201cacompa\u00f1ar procesos que nos permitan crecer juntos en una comuni\u00f3n fraterna\u201d.<\/b><\/span><\/span><b> <\/b><\/p>\n<p class=\"western\" align=\"justify\"><span style=\"font-family: Arial, sans-serif;\"><span style=\"font-size: large;\">En el Santuario de Santa Teresita de Los Andes y con la sola presencia de los obispos de rigor m\u00e1s los vicarios de la di\u00f3cesis, fue consagrado Gonzalo Bravo \u00c1lvarez como nuevo pastor de San Felipe de Aconcagua.<\/span><\/span><\/p>\n<p class=\"western\" align=\"justify\"><span style=\"font-family: Arial, sans-serif;\"><span style=\"font-size: large;\"><img loading=\"lazy\" class=\" wp-image-3114 alignleft\" src=\"https:\/\/obispadosanfelipe.cl\/2020\/wp-content\/uploads\/2020\/08\/1111-300x169.jpeg\" alt=\"\" width=\"799\" height=\"450\" srcset=\"https:\/\/obispadosanfelipe.cl\/2020\/wp-content\/uploads\/2020\/08\/1111-300x169.jpeg 300w, https:\/\/obispadosanfelipe.cl\/2020\/wp-content\/uploads\/2020\/08\/1111-1024x576.jpeg 1024w, https:\/\/obispadosanfelipe.cl\/2020\/wp-content\/uploads\/2020\/08\/1111-768x432.jpeg 768w, https:\/\/obispadosanfelipe.cl\/2020\/wp-content\/uploads\/2020\/08\/1111.jpeg 1280w\" sizes=\"(max-width: 799px) 100vw, 799px\" \/>La ceremonia tuvo lugar en Rinconada debido a la cuarentena que afecta a la comuna de San Felipe donde est\u00e1 el templo Catedral, y se realiz\u00f3 con las debidas medidas impuestas por la autoridad de salud. La comunidad cristiana de la di\u00f3cesis pudo participar mediante redes sociales. <\/span><\/span><\/p>\n<p class=\"western\" align=\"justify\"><span style=\"font-family: Arial, sans-serif;\"><span style=\"font-size: large;\">El nuevo obispo fue consagrado por el Nuncio Apost\u00f3lico en Chile, Mons. Alberto Ortega, y por el Arzobispo de Santiago, monse\u00f1or Celestino A\u00f3s junto al Administrador Apost\u00f3lico de Valpara\u00edso, monse\u00f1or Pedro Ossand\u00f3n.<\/span><\/span><\/p>\n<p class=\"western\" align=\"justify\"><span style=\"font-family: Arial, sans-serif;\"><span style=\"font-size: large;\">Adem\u00e1s de los consagrantes estuvieron presentes, solo su hermana Matilde por la familia, vicarios y canciller del obispado, m\u00e1s personas encargadas de apoyar la ceremonia lit\u00fargica y realizar la transmisi\u00f3n on line. <\/span><\/span><\/p>\n<p class=\"western\" align=\"justify\"><span style=\"font-family: Arial, sans-serif;\"><span style=\"font-size: large;\">En las dos semanas previas al acto religioso, en los valles de San Felipe y Petorca, a trav\u00e9s de las mismas redes sociales, 12 videos de gente representativa de los m\u00e1s diversos \u00e1mbitos de la di\u00f3cesis, daban la bienvenida a su nuevo pastor y preparaban el clima virtual de esta ceremonia.<\/span><\/span><\/p>\n<p class=\"western\" align=\"justify\"><span style=\"font-family: Arial, sans-serif;\"><span style=\"font-size: large;\">Concluida la eucarist\u00eda en la cripta del Santuario, el nuevo obispo Gonzalo Bravo entreg\u00f3 un saludo a las comunidades de la di\u00f3cesis y sus agentes de pastoral.<\/span><\/span><\/p>\n<p class=\"western\" align=\"justify\"><span style=\"font-family: Arial, sans-serif;\"><span style=\"font-size: large;\">Junto con manifestar sus agradecimientos a distintas personas e instituciones, monse\u00f1or Bravo anunci\u00f3 la creaci\u00f3n de la Comisi\u00f3n Diocesana de Transparencia que abordar\u00e1 tres \u00e1reas, seg\u00fan indic\u00f3: la econ\u00f3mica, la administrativa y la de abusos sexuales, poder y conciencia en la iglesia.<\/span><\/span><\/p>\n<p class=\"western\" align=\"justify\"><span style=\"font-family: Arial, sans-serif;\"><span style=\"font-size: large;\">Tambi\u00e9n se\u00f1al\u00f3 que se incorpora a esta di\u00f3cesis \u201cpara acompa\u00f1ar procesos que nos permitan crecer juntos en una comuni\u00f3n fraterna y en reconocernos pecadores; y, al mismo tiempo, sabernos misioneros de un Cristo vivo que nos llama a la conversi\u00f3n sin temores. Sacerdotes, di\u00e1conos, religiosas y religiosos, laicos y laicas, movimientos y espiritualidades espec\u00edficas, formamos el pueblo de Dios, quienes unidos en la diversidad de carismas nos sentimos parte del Cuerpo de Cristo, que es la iglesia\u201d.<\/span><\/span><\/p>\n","protected":false},"excerpt":{"rendered":"<p>\u00a0 Fue consagrado y tom\u00f3 posici\u00f3n de la di\u00f3cesis el presb\u00edtero Gonzalo Bravo \u00c1lvarez, quien envi\u00f3 un saludo a la comunidad manifestando que ven\u00eda a la di\u00f3cesis \u201ca \u201cacompa\u00f1ar procesos&hellip;<\/p>\n","protected":false},"author":1,"featured_media":3113,"comment_status":"closed","ping_status":"open","sticky":false,"template":"","format":"standard","meta":[],"categories":[5,4],"tags":[],"_links":{"self":[{"href":"https:\/\/obispadosanfelipe.cl\/2020\/wp-json\/wp\/v2\/posts\/3112"}],"collection":[{"href":"https:\/\/obispadosanfelipe.cl\/2020\/wp-json\/wp\/v2\/posts"}],"about":[{"href":"https:\/\/obispadosanfelipe.cl\/2020\/wp-json\/wp\/v2\/types\/post"}],"author":[{"embeddable":true,"href":"https:\/\/obispadosanfelipe.cl\/2020\/wp-json\/wp\/v2\/users\/1"}],"replies":[{"embeddable":true,"href":"https:\/\/obispadosanfelipe.cl\/2020\/wp-json\/wp\/v2\/comments?post=3112"}],"version-history":[{"count":0,"href":"https:\/\/obispadosanfelipe.cl\/2020\/wp-json\/wp\/v2\/posts\/3112\/revisions"}],"wp:featuredmedia":[{"embeddable":true,"href":"https:\/\/obispadosanfelipe.cl\/2020\/wp-json\/wp\/v2\/media\/3113"}],"wp:attachment":[{"href":"https:\/\/obispadosanfelipe.cl\/2020\/wp-json\/wp\/v2\/media?parent=3112"}],"wp:term":[{"taxonomy":"category","embeddable":true,"href":"https:\/\/obispadosanfelipe.cl\/2020\/wp-json\/wp\/v2\/categories?post=3112"},{"taxonomy":"post_tag","embeddable":true,"href":"https:\/\/obispadosanfelipe.cl\/2020\/wp-json\/wp\/v2\/tags?post=3112"}],"curies":[{"name":"wp","href":"https:\/\/api.w.org\/{rel}","templated":true}]}}