{"id":3117,"date":"2020-08-15T18:06:14","date_gmt":"2020-08-15T18:06:14","guid":{"rendered":"https:\/\/obispadosanfelipe.cl\/2020\/?p=3117"},"modified":"2020-08-15T18:25:14","modified_gmt":"2020-08-15T18:25:14","slug":"saludo-a-la-comunidad-de-san-felipe-del-nuevo-obispo-gonzalo-bravo","status":"publish","type":"post","link":"https:\/\/obispadosanfelipe.cl\/2020\/saludo-a-la-comunidad-de-san-felipe-del-nuevo-obispo-gonzalo-bravo\/","title":{"rendered":"Saludo a la comunidad de San Felipe del nuevo Obispo Gonzalo Bravo"},"content":{"rendered":"<p style=\"text-align: center;\"><img loading=\"lazy\" class=\"alignnone size-medium wp-image-3119\" src=\"https:\/\/obispadosanfelipe.cl\/2020\/wp-content\/uploads\/2020\/08\/escudo-1-280x300.jpeg\" alt=\"\" width=\"280\" height=\"300\" srcset=\"https:\/\/obispadosanfelipe.cl\/2020\/wp-content\/uploads\/2020\/08\/escudo-1-280x300.jpeg 280w, https:\/\/obispadosanfelipe.cl\/2020\/wp-content\/uploads\/2020\/08\/escudo-1-957x1024.jpeg 957w, https:\/\/obispadosanfelipe.cl\/2020\/wp-content\/uploads\/2020\/08\/escudo-1-768x822.jpeg 768w, https:\/\/obispadosanfelipe.cl\/2020\/wp-content\/uploads\/2020\/08\/escudo-1-1436x1536.jpeg 1436w, https:\/\/obispadosanfelipe.cl\/2020\/wp-content\/uploads\/2020\/08\/escudo-1-1914x2048.jpeg 1914w\" sizes=\"(max-width: 280px) 100vw, 280px\" \/><\/p>\n<p class=\"western\" align=\"center\"><span style=\"font-family: Times New Roman, serif;\"><span style=\"font-size: large;\"><b>Saludo del obispo Gonzalo Bravo \u00c1lvarez,<br \/>\na la comunidad de San Felipe de Aconcagua<\/b><\/span><\/span><\/p>\n<p class=\"western\" align=\"center\"><span style=\"font-family: Times New Roman, serif;\"><span style=\"font-size: medium;\">Santuario de Auco, s\u00e1bado 15 de agosto de 2020.<\/span><\/span><\/p>\n<p class=\"western\" align=\"justify\"><a name=\"_GoBack\"><\/a> <span style=\"font-family: Times New Roman, serif;\"><span style=\"font-size: medium;\">\u00a1Feliz d\u00eda de la Asunci\u00f3n! Mi admiraci\u00f3n sublime a la vida religiosa, que hoy celebramos. Gracias por esa consagraci\u00f3n cotidiana, que teje el m\u00e1s hermoso vestido de santidad en respuesta al amor fundamental de Dios por cada uno de nosotros, por cada una de ustedes\u2026 \u00a1Ese loco de amor, me ha vuelto loca!, siento susurrar en este lugar\u2026<\/span><\/span><\/p>\n<p class=\"western\" align=\"justify\"><span style=\"font-family: Times New Roman, serif;\"><span style=\"font-size: medium;\">Hermanas y hermanos:<\/span><\/span><\/p>\n<p class=\"western\" align=\"justify\"><span style=\"font-family: Times New Roman, serif;\"><span style=\"font-size: medium;\">\u00a1Alabado sea Jesucristo! As\u00ed saludan las hermanas carmelitas en sus monasterios\u2026 \u00a1y qu\u00e9 hermoso que sea as\u00ed! Un saludo para ellas desde su casa en Auco. Las estamos esperando\u2026 \u00a1Ah, gracias por los dulces que me hicieron llegar!<\/span><\/span><\/p>\n<p class=\"western\" align=\"justify\"><span style=\"font-family: Times New Roman, serif;\"><span style=\"font-size: medium;\">Doy gracias a Dios por mi mama y mi pap\u00e1. Murieron hace muchos a\u00f1os, pero siguen vivos en mi coraz\u00f3n; tambi\u00e9n en el de mis 5 hermanos y sus familias y mi \u00fanica hermana aqu\u00ed presente. Vengo de una familia normal\u2026 \u00a1bueno, casi, jaja! Agradezco haber vivido en un ambiente sano, con valores y amores muy marcados\u2026 como el de tantas y tantos de ustedes que hoy me escuchan y ven. <\/span><\/span><\/p>\n<p class=\"western\" align=\"justify\"><span style=\"font-family: Times New Roman, serif;\"><span style=\"font-size: medium;\">S\u00e9 que, como di\u00f3cesis, han deseado que llegase un obispo. Me ha llenado de emoci\u00f3n saber que han rezado por m\u00ed, sin conocerme. Espero que no ser obst\u00e1culo para que el Esp\u00edritu Santo siga actuando en la comunidad.<\/span><\/span><\/p>\n<p class=\"western\" align=\"justify\"><span style=\"font-family: Times New Roman, serif;\"><span style=\"font-size: medium;\">Agradezco al se\u00f1or Nuncio, el padre Alberto; al padre Celestino, arzobispo de Santiago y a Pedro, administrador apost\u00f3lico de mi di\u00f3cesis de origen, que me han ordenado obispo, en este querido y simb\u00f3lico Santuario de Auco, capital espiritual de Chile, donde reposan los restos de Santa Teresa de los Andes, nuestra anfitriona. Y no puedo de dejar de nombrar al Padre Jaime Ortiz de Lazcano por su delicado y generoso servicio en este tiempo previo en la comunidad diocesana que peregrina estos valles de Aconcagua y Petorca.<\/span><\/span><\/p>\n<p class=\"western\" align=\"justify\"><span style=\"font-family: Times New Roman, serif;\"><span style=\"font-size: medium;\">Esta celebraci\u00f3n ha sido realizada en tiempos de pandemia, en momentos de diversas dificultades en nuestro pa\u00eds, y en instancias en donde cerrados los templos, se han abierto las iglesias dom\u00e9sticas, tal como en las primeras comunidades. Somos tambi\u00e9n comunidad virtual, pero no menos real, y profundamente, espiritual. Por lo que no puedo dejar de agradecer a todos aquellos que han preparado esta celebraci\u00f3n y la est\u00e1n trasmitiendo ahora. <\/span><\/span><\/p>\n<p class=\"western\" align=\"justify\"><span style=\"font-family: Times New Roman, serif;\"><span style=\"font-size: medium;\">He sido p\u00e1rroco muchos a\u00f1os; mi experiencia me dice que la pobreza existe, como tambi\u00e9n la solidaridad; que el dolor del hambre y la soledad es real, y que el temor a la muerte est\u00e1 muy presente en nuestra sociedad. Pero tambi\u00e9n, Dios nos regala en la simpleza -que la poeta de los pobres del Barrio Puerto, canta que es la grandeza- alegr\u00eda, sonrisa y esperanza. Es esa fe que no tiembla, sino que crece cotidianamente, bajo la sombra de la Cruz de Cristo y el manto de Mar\u00eda. Esa fe de una oraci\u00f3n sincera, de un gesto solidario, de un amor experimentado, de un dolor entregado. Esa fe expresada en la piedad alegre de un baile, en la silente actitud orante, en la dolorosa conversi\u00f3n personal y eclesial. Como dice una hermana de Rapa Nui\u2026 \u00a1firmes en la fe!<\/span><\/span><\/p>\n<p class=\"western\" align=\"justify\"><span style=\"font-family: Times New Roman, serif;\"><span style=\"font-size: medium;\">Hoy me incorporo al camino de mi, ahora, di\u00f3cesis San Felipe de Aconcagua, para acompa\u00f1ar procesos que nos permitan crecer juntos en una comuni\u00f3n fraterna y en reconocernos pecadores; y, al mismo tiempo, sabernos misioneros de un Cristo vivo que nos llama a la conversi\u00f3n sin temores. Sacerdotes, di\u00e1conos, religiosas y religiosos, laicos y laicas, movimientos y espiritualidades espec\u00edficas, formamos el pueblo de Dios, quienes unidos en la diversidad de carismas nos sentimos parte del Cuerpo de Cristo, que es la iglesia. <\/span><\/span><\/p>\n<p class=\"western\" align=\"justify\"><span style=\"font-family: Times New Roman, serif;\"><span style=\"font-size: medium;\">S\u00e9 que enfrentaremos muchas dificultades; les pido transparencia, empat\u00eda y respeto mutuo. Hoy nos toca vivir aires de cambio, en donde no debemos claudicar en buscar la verdad y la justicia en cuanto a los abusos cometidos por miembros de la Iglesia. Ante los nuevos escenarios, la inteligencia y la fe deben estar al servicio de llevarlos a cabo, sin miedo, con entereza y con la fuerza del Cristo vivo y de Mar\u00eda como acompa\u00f1ante permanente.<\/span><\/span><\/p>\n<p class=\"western\" align=\"justify\"><span style=\"font-family: Times New Roman, serif;\"><span style=\"font-size: medium;\">Cada persona cristiana est\u00e1 llamada a colaborar para hacer de nuestras comunidades espacios sanos y seguros. Ser\u00e9 el primero en colocarme a la escucha y al trabajo de reparaci\u00f3n de sus v\u00edctimas, cueste lo que cueste. Porque en estos tiempos, debemos ser claros y no titubeantes. Es por eso, que anuncio aqu\u00ed la creaci\u00f3n de una Comisi\u00f3n Diocesana de Transparencia, cuya misi\u00f3n ser\u00e1 ordenar, organizar y establecer las directrices pertinentes en los \u00e1mbitos administrativos, econ\u00f3micos y lo concerniente a abusos de car\u00e1cter sexual, de conciencia y de poder. Esta instancia tendr\u00e1 como gu\u00eda los documentos emanados desde las distintas reparticiones de la Santa Sede, como tambi\u00e9n, las recomendaciones y ordenanzas publicadas por el Obispo de Roma.<\/span><\/span><\/p>\n<p class=\"western\" align=\"justify\"><span style=\"font-family: Times New Roman, serif;\"><span style=\"font-size: medium;\">Tambi\u00e9n creo necesario la creaci\u00f3n de una fundaci\u00f3n que vele por llevar adelante variadas iniciativas que nacer\u00e1n desde la comunidad, para el beneficio de todos. Se podr\u00e1n levantar proyectos tan variados como emprendimientos comunitarios, rehabilitaciones cultuales y patrimoniales, diversas instancias para ni\u00f1os, ni\u00f1as y adolescentes, acompa\u00f1amientos de adultos y mejores condiciones de vida en general. Hoy se hace urgente integrarse a diversas fuentes de financiamiento para atender los variados matices de la evangelizaci\u00f3n de la cultura.<\/span><\/span><\/p>\n<p class=\"western\" align=\"justify\"><span style=\"font-family: Times New Roman, serif;\"><span style=\"font-size: medium;\">Tenemos mucho trabajo por delante, donde no me cabe la menor duda, que podr\u00e9 contar con todos para que caminemos en beneficio de nuestra Di\u00f3cesis de San Felipe de Aconcagua. Les invito a compartir, participar y presentar sus anhelos y esperanzas para que seamos comunidad en camino.<\/span><\/span><\/p>\n<p class=\"western\" align=\"justify\"><span style=\"font-family: Times New Roman, serif;\"><span style=\"font-size: medium;\">No puedo terminar estas palabras sin dejar de nombrar a mi querido puerto de Valpara\u00edso, la ciudad que por tantos a\u00f1os me acogi\u00f3 transform\u00e1ndome en un porte\u00f1o m\u00e1s. All\u00ed compart\u00ed mi vida cristiana en diferentes instancias; all\u00ed nacieron iniciativas solidarias en torno a la Matriz y acad\u00e9micas en la PUCV, en donde seguir\u00e9 siendo Decano de la Facultad de Teolog\u00eda. Todas estas experiencias las tengo en mi coraz\u00f3n; las agradezco, ya que me ense\u00f1aron lo que era la humanidad, la dedicaci\u00f3n teol\u00f3gica y la evangelizaci\u00f3n en toda su expresi\u00f3n.<\/span><\/span><\/p>\n<p class=\"western\" align=\"justify\"><span style=\"font-family: Times New Roman, serif;\"><span style=\"font-size: medium;\">Especial menci\u00f3n hago de quienes compart\u00ed en la Parroquia La Matriz, \u2018que te hace feliz\u2019; de mis hermanos y hermanas del comedor 421; y de las personas, todas ellas, de la Corporaci\u00f3n La Matriz. Tambi\u00e9n de quienes viven en los cerros, se visten de verde y van a misa antes de ir al estadio. Hoy hay fiesta porque Wanderito celebra 128 a\u00f1os de vida. <\/span><\/span><\/p>\n<p class=\"western\" align=\"justify\"><span style=\"font-family: Times New Roman, serif;\"><span style=\"font-size: medium;\">Quiero destacar la fuerza de tantos ni\u00f1os, ni\u00f1as y adolescentes que, en medio de dificultades luchan por crecer en armon\u00eda; la perseverancia de gente sola que hace de su oraci\u00f3n su compa\u00f1\u00eda; los sue\u00f1os no vividos de j\u00f3venes y adultos que buscan un mundo mejor cada d\u00eda. Llevo en mi coraz\u00f3n al laicado y las comunidades; a las v\u00edctimas de abusos, a los pescadores, tan devotos de Pedro; a los curas amigos; a las monjas s\u00faper comprometidas, a todo el personal de la Pontificia Universidad Cat\u00f3lica de Valpara\u00edso, y, \u00a1c\u00f3mo no!, a todas las personas que integramos la querida Facultad de Teolog\u00eda, causa de gran alegr\u00eda, entre tantos otros.<\/span><\/span><\/p>\n<p class=\"western\" align=\"justify\"><span style=\"font-family: Times New Roman, serif;\"><span style=\"font-size: medium;\">Me declaro mendigo de sus oraciones. Si en algo puedo servirles, cuenten conmigo, dentro de mis posibilidades. Muchas gracias por acogerme y recibirme. <\/span><\/span><\/p>\n<p class=\"western\" align=\"justify\"><span style=\"font-family: Times New Roman, serif;\"><span style=\"font-size: medium;\">\u00a1Alabado sea Jesucristo!<\/span><\/span><\/p>\n<p align=\"justify\">Descargar en PDF: <a href=\"https:\/\/obispadosanfelipe.cl\/2020\/wp-content\/uploads\/2020\/08\/SALUDO-MONS-BRAVO-EN-SU-CONSAGRACION.pdf\">SALUDO MONS BRAVO EN SU CONSAGRACION<\/a><\/p>\n","protected":false},"excerpt":{"rendered":"<p>Saludo del obispo Gonzalo Bravo \u00c1lvarez, a la comunidad de San Felipe de Aconcagua Santuario de Auco, s\u00e1bado 15 de agosto de 2020. \u00a1Feliz d\u00eda de la Asunci\u00f3n! Mi admiraci\u00f3n&hellip;<\/p>\n","protected":false},"author":1,"featured_media":3119,"comment_status":"closed","ping_status":"open","sticky":false,"template":"","format":"standard","meta":[],"categories":[5,4],"tags":[35,34,36],"_links":{"self":[{"href":"https:\/\/obispadosanfelipe.cl\/2020\/wp-json\/wp\/v2\/posts\/3117"}],"collection":[{"href":"https:\/\/obispadosanfelipe.cl\/2020\/wp-json\/wp\/v2\/posts"}],"about":[{"href":"https:\/\/obispadosanfelipe.cl\/2020\/wp-json\/wp\/v2\/types\/post"}],"author":[{"embeddable":true,"href":"https:\/\/obispadosanfelipe.cl\/2020\/wp-json\/wp\/v2\/users\/1"}],"replies":[{"embeddable":true,"href":"https:\/\/obispadosanfelipe.cl\/2020\/wp-json\/wp\/v2\/comments?post=3117"}],"version-history":[{"count":0,"href":"https:\/\/obispadosanfelipe.cl\/2020\/wp-json\/wp\/v2\/posts\/3117\/revisions"}],"wp:featuredmedia":[{"embeddable":true,"href":"https:\/\/obispadosanfelipe.cl\/2020\/wp-json\/wp\/v2\/media\/3119"}],"wp:attachment":[{"href":"https:\/\/obispadosanfelipe.cl\/2020\/wp-json\/wp\/v2\/media?parent=3117"}],"wp:term":[{"taxonomy":"category","embeddable":true,"href":"https:\/\/obispadosanfelipe.cl\/2020\/wp-json\/wp\/v2\/categories?post=3117"},{"taxonomy":"post_tag","embeddable":true,"href":"https:\/\/obispadosanfelipe.cl\/2020\/wp-json\/wp\/v2\/tags?post=3117"}],"curies":[{"name":"wp","href":"https:\/\/api.w.org\/{rel}","templated":true}]}}