{"id":3146,"date":"2020-08-16T03:25:44","date_gmt":"2020-08-16T03:25:44","guid":{"rendered":"https:\/\/obispadosanfelipe.cl\/2020\/?p=3146"},"modified":"2020-08-17T21:11:05","modified_gmt":"2020-08-17T21:11:05","slug":"comunicado-de-prensa-acerca-del-termino-de-servicios-de-trabajadores-del-obispado","status":"publish","type":"post","link":"https:\/\/obispadosanfelipe.cl\/2020\/comunicado-de-prensa-acerca-del-termino-de-servicios-de-trabajadores-del-obispado\/","title":{"rendered":"COMUNICADO DE PRENSA  Acerca del t\u00e9rmino de servicios de trabajadores del Obispado"},"content":{"rendered":"<p>En relaci\u00f3n a la desvinculaci\u00f3n laboral de 23 trabajadoras y trabajadores,honorarios, personal no consagrado del Obispado de San Felipe, concretada en el d\u00eda de ayer viernes 14 de agosto, y actuando por especial encargo del obispo Gonzalo Bravo, quien hoy tom\u00f3 posesi\u00f3n de la di\u00f3cesis, esta Oficina de Comunicaciones informa y explica a la comunidad lo siguiente:<\/p>\n<p>1) El Obispado de San Felipe se ha visto en la obligaci\u00f3n de terminar la relaci\u00f3n laboral con 23 personas, debido a la grave crisis financiera que afecta a la instituci\u00f3n, que hace imposible el pago de los sueldos, cuya crisis cada d\u00eda aumenta a consecuencia de la econom\u00eda nacional que no logra ser reactivada por la pandemia.<\/p>\n<p>2) Esta realidad y sus posibles efectos, fueron expuestos con detalles a los sacerdotes en el mes de agosto del a\u00f1o pasado, durante la realizaci\u00f3n de la Jornada de Conducci\u00f3n Pastoral. En dicha oportunidad el obispado expuso la realidad de la situaci\u00f3n econ\u00f3mica aun sin considerar en ese momento los efectos del estallido social y el Covid-19 que fueron posteriores.<\/p>\n<p>3) La crisis econ\u00f3mica es de tal magnitud, seg\u00fan fue informado el obispo por parte del ex administrador apost\u00f3lico, que actualmente genera un\u00a0 d\u00e9ficit mensual de 25 millones de pesos, los cuales han sido cubiertos hasta ahora por ahorros y bienes que ten\u00eda el Obispado.<\/p>\n<p>4) La decisi\u00f3n de despedir trabajadores fue adoptada por el Administrador Apost\u00f3lico con el Consejo de Gobierno de la di\u00f3cesis e informada oportunamente al nuevo obispo, a quien se le se\u00f1al\u00f3 que se concretar\u00eda antes de que \u00e9l asumiera para que no tuviera que cargar con este peso en momentos en que llega a renovar la iglesia diocesana y a generar nuevos proyectos con nuevos br\u00edos.<\/p>\n<p>5) Todas las personas, incluidas el ex administrador apost\u00f3lico y sus vicarios, el nuevo obispo y dem\u00e1s personas del Obispado que han participado de alg\u00fan modo u otro en esta decisi\u00f3n, han expresado el dolor que les afecta esta insalvable medida institucional, sobre todo en momentos tan duros para nuestro pa\u00eds y nuestras familias.<\/p>\n<p>6) Para cualquier instancia de iglesia una medida de estas consecuencias, aunque se trate de una sola persona, siempre implica un dolor especial y un cuestionamiento serio dado el mensaje de justicia\u00a0 social que va impl\u00edcito en la predica del Evangelio. Ese fue el motivo del aplazamiento de la medida, y se esper\u00f3 hasta \u00faltima hora su concreci\u00f3n, con el objetivo de asegurar plena y efectivamente el pago de todos los derechos que corresponden a los trabajadores, lo cual as\u00ed se realiz\u00f3.<\/p>\n<p>7) El Obispado desea dejar constancia de su gratitud especial a estas 23 personas porque en su tiempo de relaci\u00f3n laboral, cumplieron lealmente con su trabajo, ejercieron con generosidad sus talentos y nos rodearon el ambiente de iglesia con un inmenso cari\u00f1o.<\/p>\n<p>8) El obispo Gonzalo Bravo, quien asumi\u00f3 sus funciones hoy d\u00eda, nos ha instruido actuar con la total transparencia en este caso, por muy dolorosa que sean las verdades. Asegur\u00f3 que trabajar\u00e1 intensamente para buscar con toda la comunidad diocesana, caminos de salida que permitan continuar la tarea evangelizadora de la iglesia en estos valles de Aconcagua y Petorca.<\/p>\n<p>9) Finalmente, el obispo ha recordado que crear\u00e1 la Comisi\u00f3n Diocesana de Transparencia para los temas de abusos en la iglesia pero tambi\u00e9n sobre cuestiones administrativas y econ\u00f3micas, a fin de mantener informada a la comunidad y actuar con la verdad como corresponde a los disc\u00edpulos y disc\u00edpulas de Jes\u00fas.<\/p>\n<p>&nbsp;<\/p>\n<p>Oficina de Comunicaciones<\/p>\n<p>&nbsp;<\/p>\n<p>San Felipe, a 15 de agosto de 2020.<\/p>\n","protected":false},"excerpt":{"rendered":"<p>En relaci\u00f3n a la desvinculaci\u00f3n laboral de 23 trabajadoras y trabajadores,honorarios, personal no consagrado del Obispado de San Felipe, concretada en el d\u00eda de ayer viernes 14 de agosto, y&hellip;<\/p>\n","protected":false},"author":1,"featured_media":102,"comment_status":"closed","ping_status":"open","sticky":false,"template":"","format":"standard","meta":[],"categories":[6,5],"tags":[],"_links":{"self":[{"href":"https:\/\/obispadosanfelipe.cl\/2020\/wp-json\/wp\/v2\/posts\/3146"}],"collection":[{"href":"https:\/\/obispadosanfelipe.cl\/2020\/wp-json\/wp\/v2\/posts"}],"about":[{"href":"https:\/\/obispadosanfelipe.cl\/2020\/wp-json\/wp\/v2\/types\/post"}],"author":[{"embeddable":true,"href":"https:\/\/obispadosanfelipe.cl\/2020\/wp-json\/wp\/v2\/users\/1"}],"replies":[{"embeddable":true,"href":"https:\/\/obispadosanfelipe.cl\/2020\/wp-json\/wp\/v2\/comments?post=3146"}],"version-history":[{"count":0,"href":"https:\/\/obispadosanfelipe.cl\/2020\/wp-json\/wp\/v2\/posts\/3146\/revisions"}],"wp:featuredmedia":[{"embeddable":true,"href":"https:\/\/obispadosanfelipe.cl\/2020\/wp-json\/wp\/v2\/media\/102"}],"wp:attachment":[{"href":"https:\/\/obispadosanfelipe.cl\/2020\/wp-json\/wp\/v2\/media?parent=3146"}],"wp:term":[{"taxonomy":"category","embeddable":true,"href":"https:\/\/obispadosanfelipe.cl\/2020\/wp-json\/wp\/v2\/categories?post=3146"},{"taxonomy":"post_tag","embeddable":true,"href":"https:\/\/obispadosanfelipe.cl\/2020\/wp-json\/wp\/v2\/tags?post=3146"}],"curies":[{"name":"wp","href":"https:\/\/api.w.org\/{rel}","templated":true}]}}