{"id":3154,"date":"2020-08-17T21:04:56","date_gmt":"2020-08-17T21:04:56","guid":{"rendered":"https:\/\/obispadosanfelipe.cl\/2020\/?p=3154"},"modified":"2020-08-17T21:04:56","modified_gmt":"2020-08-17T21:04:56","slug":"adoracion-eucaristica-por-la-llegada-del-padre-gonzalo-bravo-como-obispo-de-la-diocesis-de-san-felipe","status":"publish","type":"post","link":"https:\/\/obispadosanfelipe.cl\/2020\/adoracion-eucaristica-por-la-llegada-del-padre-gonzalo-bravo-como-obispo-de-la-diocesis-de-san-felipe\/","title":{"rendered":"Adoraci\u00f3n Eucar\u00edstica por la llegada del Padre Gonzalo Bravo como Obispo de la Di\u00f3cesis de San Felipe"},"content":{"rendered":"<p>Luego de conocerse la fecha de la ordenaci\u00f3n Episcopal del Padre Gonzalo Bravo como Obispo de la Di\u00f3cesis San Felipe, un grupo de laicos nos preguntamos de qu\u00e9 forma podr\u00edamos orar por nuestro nuevo Pastor, pensando especialmente en la situaci\u00f3n de pandemia que nos encontramos. Entonces gracias a la idea del equipo de comunicaciones de \u201cEn vivo con Fe\u201d naci\u00f3 la intenci\u00f3n de realizar un momento de Adoraci\u00f3n Eucar\u00edstica como preparaci\u00f3n a tan maravilloso acontecimiento para la Iglesia Diocesana.<\/p>\n<p>La fecha elegida fue en la v\u00edspera de la consagraci\u00f3n de nuestro pastor, el 14 de agosto a las 20:00 hrs. en la Capilla de la Casa Santuario Mar\u00eda en el Camino de Schoenstatt, donde gracias a la acogida y gran ayuda de las Hermanas Ver\u00f3nica, Eliana y Blanca, pudimos realizar este bell\u00edsimo momento, el cual se extendi\u00f3 por una hora y media donde pudimos rezar, orar, cantar y adorar al Se\u00f1or Sacramentado.<\/p>\n<p>La Adoraci\u00f3n Eucar\u00edstica estuvo centrada en 3 momentos:<\/p>\n<p><img loading=\"lazy\" class=\" wp-image-3156 alignright\" src=\"https:\/\/obispadosanfelipe.cl\/2020\/wp-content\/uploads\/2020\/08\/feb4541e-ae67-4bcb-8e39-4c524f744928-300x225.jpg\" alt=\"\" width=\"343\" height=\"257\" srcset=\"https:\/\/obispadosanfelipe.cl\/2020\/wp-content\/uploads\/2020\/08\/feb4541e-ae67-4bcb-8e39-4c524f744928-300x225.jpg 300w, https:\/\/obispadosanfelipe.cl\/2020\/wp-content\/uploads\/2020\/08\/feb4541e-ae67-4bcb-8e39-4c524f744928-1024x768.jpg 1024w, https:\/\/obispadosanfelipe.cl\/2020\/wp-content\/uploads\/2020\/08\/feb4541e-ae67-4bcb-8e39-4c524f744928-768x576.jpg 768w, https:\/\/obispadosanfelipe.cl\/2020\/wp-content\/uploads\/2020\/08\/feb4541e-ae67-4bcb-8e39-4c524f744928.jpg 1280w\" sizes=\"(max-width: 343px) 100vw, 343px\" \/><\/p>\n<p>1.- Desde nuestra realidad, buscamos una renovaci\u00f3n.<\/p>\n<p>2.- Un solo pueblo con un solo Pastor.<\/p>\n<p>3.- El vino nuevo en vasijas nuevas.<\/p>\n<p>&nbsp;<\/p>\n<p>Cada uno de estos momentos quiso reflejar la realidad en la que se encuentra nuestra Iglesia Dioces<\/p>\n<p>ana y hacia donde es necesario caminar para centrar el proceso de conversi\u00f3n y ser una comunidad que se transforma y est\u00e1 dispuesta a adaptarse a los nuevos cambios que son inspirados por el Esp\u00edritu Santo. Al final de la adoraci\u00f3n, recibimos la bendici\u00f3n de Jes\u00fas Sacramentado de manos del hermano Di\u00e1cono Manuel Vallejos que estuvo presente junto a su esposa para acompa\u00f1arnos.<\/p>\n<p>&nbsp;<\/p>\n<p>Este momento de adoraci\u00f3n fue transmitido \u00edntegramente de manera online, por lo cual queremos agradecer especialmente al equipo de \u201cEn vivo con Fe\u201d que nos facilit\u00f3 los instrumentos necesarios, como tambi\u00e9n a Comunicaciones del Obispado de San Felipe por compartir en sus redes sociales este momento y llegar as\u00ed a\u00fan a m\u00e1s personas.<\/p>\n<p>Finalmente, agradecemos al peque\u00f1o grupo de laicos que nos acompa\u00f1\u00f3 de manera presencial, respetando todas las instrucciones contempladas por la autoridad sanitaria, como tambi\u00e9n a las much\u00edsimas personas que desde distintos rincones de la Di\u00f3cesis siguieron este sencillo, pero profundo momento.<\/p>\n<p>Deseamos al Padre Gonzalo mucha fecundidad en el ministerio pastoral que comienza en nuestra Di\u00f3cesis de San Felipe de Aconcagua y Petorca, poniendo nuestros dones a su servicio para apoyar as\u00ed su misi\u00f3n en esta porci\u00f3n del reba\u00f1o que le ha encomendado el Santo Padre Francisco.<\/p>\n<p>&nbsp;<\/p>\n<p><strong>Laicos de la Di\u00f3cesis de San Felipe<\/strong><\/p>\n<p><strong>Ana Mar\u00eda Reyes \u2013 Carolina Mart\u00ednez \u2013 Alexis Maldonado \u2013 David Montenegro<\/strong><\/p>\n<p><strong>Comunidad Mar\u00eda en el Camino de Schoenstatt<\/strong><\/p>\n","protected":false},"excerpt":{"rendered":"<p>Luego de conocerse la fecha de la ordenaci\u00f3n Episcopal del Padre Gonzalo Bravo como Obispo de la Di\u00f3cesis San Felipe, un grupo de laicos nos preguntamos de qu\u00e9 forma podr\u00edamos&hellip;<\/p>\n","protected":false},"author":1,"featured_media":3155,"comment_status":"closed","ping_status":"open","sticky":false,"template":"","format":"standard","meta":[],"categories":[6,5],"tags":[],"_links":{"self":[{"href":"https:\/\/obispadosanfelipe.cl\/2020\/wp-json\/wp\/v2\/posts\/3154"}],"collection":[{"href":"https:\/\/obispadosanfelipe.cl\/2020\/wp-json\/wp\/v2\/posts"}],"about":[{"href":"https:\/\/obispadosanfelipe.cl\/2020\/wp-json\/wp\/v2\/types\/post"}],"author":[{"embeddable":true,"href":"https:\/\/obispadosanfelipe.cl\/2020\/wp-json\/wp\/v2\/users\/1"}],"replies":[{"embeddable":true,"href":"https:\/\/obispadosanfelipe.cl\/2020\/wp-json\/wp\/v2\/comments?post=3154"}],"version-history":[{"count":0,"href":"https:\/\/obispadosanfelipe.cl\/2020\/wp-json\/wp\/v2\/posts\/3154\/revisions"}],"wp:featuredmedia":[{"embeddable":true,"href":"https:\/\/obispadosanfelipe.cl\/2020\/wp-json\/wp\/v2\/media\/3155"}],"wp:attachment":[{"href":"https:\/\/obispadosanfelipe.cl\/2020\/wp-json\/wp\/v2\/media?parent=3154"}],"wp:term":[{"taxonomy":"category","embeddable":true,"href":"https:\/\/obispadosanfelipe.cl\/2020\/wp-json\/wp\/v2\/categories?post=3154"},{"taxonomy":"post_tag","embeddable":true,"href":"https:\/\/obispadosanfelipe.cl\/2020\/wp-json\/wp\/v2\/tags?post=3154"}],"curies":[{"name":"wp","href":"https:\/\/api.w.org\/{rel}","templated":true}]}}