{"id":3183,"date":"2020-08-20T21:00:34","date_gmt":"2020-08-20T21:00:34","guid":{"rendered":"https:\/\/obispadosanfelipe.cl\/2020\/?p=3183"},"modified":"2020-08-20T21:03:10","modified_gmt":"2020-08-20T21:03:10","slug":"celebracion-del-58-aniversario-de-ordenacion-sacerdotal-del-parroco-de-petorca","status":"publish","type":"post","link":"https:\/\/obispadosanfelipe.cl\/2020\/celebracion-del-58-aniversario-de-ordenacion-sacerdotal-del-parroco-de-petorca\/","title":{"rendered":"Celebraci\u00f3n del 58\u00b0 aniversario de Ordenaci\u00f3n Sacerdotal del P\u00e1rroco de Petorca"},"content":{"rendered":"<p><img loading=\"lazy\" class=\" wp-image-3185 alignright\" src=\"https:\/\/obispadosanfelipe.cl\/2020\/wp-content\/uploads\/2020\/08\/117394788_167420528243633_2625150263896828364_n-300x225.jpg\" alt=\"\" width=\"358\" height=\"270\" srcset=\"https:\/\/obispadosanfelipe.cl\/2020\/wp-content\/uploads\/2020\/08\/117394788_167420528243633_2625150263896828364_n-300x225.jpg 300w, https:\/\/obispadosanfelipe.cl\/2020\/wp-content\/uploads\/2020\/08\/117394788_167420528243633_2625150263896828364_n-768x576.jpg 768w, https:\/\/obispadosanfelipe.cl\/2020\/wp-content\/uploads\/2020\/08\/117394788_167420528243633_2625150263896828364_n.jpg 960w\" sizes=\"(max-width: 358px) 100vw, 358px\" \/>El d\u00eda 18 de agosto, memoria de San Alberto Hurtado se celebraron 58 a\u00f1os de ministerio sacerdotal del padre Antonio Albornoz Mena, P\u00e1rroco de Nuestra Sra. de La Merced de Petorca.<\/p>\n<p>Debido a la situaci\u00f3n actual de nuestro pa\u00eds y el mundo entero por la pandemia que nos afecta, no fue posible festejar como cada a\u00f1o este aniversario junto a la comunidad petorquina, pero esto no fue impedimento para hacer llegar las felicitaciones y homenajes al querido sacerdote por diversos medios de comunicaci\u00f3n.<\/p>\n<p>Siguiendo la tradici\u00f3n, el Colegio Cat\u00f3lico Presidente Manuel Montt hizo llegar sus saludos de parte de la comunidad educativa, docentes y administrativos a trav\u00e9s de un video, compilando las fotograf\u00edas del padre Antonio en las diversas actividades del colegio, del cual en la actualidad es sostenedor.<br \/>\nAl medio d\u00eda, en la capilla de la casa parroquial de Chincolco, se celebr\u00f3 la Eucarist\u00eda de acci\u00f3n de gracias por este nuevo aniversario. La Santa Misa estuvo concelebrada por los sacerdotes; Miguel Trivi\u00f1o, Juan Carlos Orellana, Luis Felipe Vergara y Fabian Castro.<\/p>\n<p>En la homil\u00eda, los sacerdotes presentes aprovecharon la oportunidad para dedicar unas palabras al padre Antonio. El padre Luis Felipe recalc\u00f3 las renuncias que tuvo que hacer el padre Antonio para anunciar la Buena Nueva, porque cuando se pone el coraz\u00f3n en las cosas de Dios, es posible hacer todo, tambi\u00e9n Implor\u00f3 la bendici\u00f3n de Dios sobre la obra educativa desarrollada por m\u00e1s de cuatro d\u00e9cadas de trayectoria en el campo educacional.<br \/>\nLuego, el padre Miguel se uni\u00f3 al agradecimiento e hizo menci\u00f3n a los 58 a\u00f1os de entrega por el reino de Dios, sabiendo enfrentar las dificultades que el ministerio conlleva y agradeciendo la disponibilidad que siempre tiene en cada una de las labores encomendadas.<\/p>\n<p>Por \u00faltimo, el padre Juan Carlos parti\u00f3 citando el libro de la Sabidur\u00eda \u201clas canas del hombre son la prudencia\u201d que la llamada que Dios obr\u00f3 en \u00e9l sea cada d\u00eda m\u00e1s gratificante, para que siga entreg\u00e1ndose por completo al amor de Dios.<\/p>\n<p>Y para finalizar, el padre Antonio aprovech\u00f3 de dar gracias a Dios por el inmenso don realizado en \u00e9l por todos estos a\u00f1os, con muchos altos y bajos, pero privilegiado por Dios, agradeci\u00f3 de igual manera la presencia de los sacerdotes all\u00ed presentes, quienes lo acompa\u00f1aron en su nuevo y tan distinto aniversario.<\/p>\n<p>&nbsp;<\/p>\n<p>Fuente: Juan Crist\u00f3bal Cortez Figueroa<\/p>\n<p>&nbsp;<\/p>\n<div style=\"width: 720px;\" class=\"wp-video\"><!--[if lt IE 9]><script>document.createElement('video');<\/script><![endif]-->\n<video class=\"wp-video-shortcode\" id=\"video-3183-1\" width=\"720\" height=\"480\" preload=\"metadata\" controls=\"controls\"><source type=\"video\/mp4\" src=\"https:\/\/obispadosanfelipe.cl\/2020\/wp-content\/uploads\/2020\/08\/WhatsApp-Video-2020-08-20-at-15.23.47.mp4?_=1\" \/><a href=\"https:\/\/obispadosanfelipe.cl\/2020\/wp-content\/uploads\/2020\/08\/WhatsApp-Video-2020-08-20-at-15.23.47.mp4\">https:\/\/obispadosanfelipe.cl\/2020\/wp-content\/uploads\/2020\/08\/WhatsApp-Video-2020-08-20-at-15.23.47.mp4<\/a><\/video><\/div>\n","protected":false},"excerpt":{"rendered":"<p>El d\u00eda 18 de agosto, memoria de San Alberto Hurtado se celebraron 58 a\u00f1os de ministerio sacerdotal del padre Antonio Albornoz Mena, P\u00e1rroco de Nuestra Sra. de La Merced de&hellip;<\/p>\n","protected":false},"author":1,"featured_media":3184,"comment_status":"closed","ping_status":"open","sticky":false,"template":"","format":"standard","meta":[],"categories":[6,5],"tags":[],"_links":{"self":[{"href":"https:\/\/obispadosanfelipe.cl\/2020\/wp-json\/wp\/v2\/posts\/3183"}],"collection":[{"href":"https:\/\/obispadosanfelipe.cl\/2020\/wp-json\/wp\/v2\/posts"}],"about":[{"href":"https:\/\/obispadosanfelipe.cl\/2020\/wp-json\/wp\/v2\/types\/post"}],"author":[{"embeddable":true,"href":"https:\/\/obispadosanfelipe.cl\/2020\/wp-json\/wp\/v2\/users\/1"}],"replies":[{"embeddable":true,"href":"https:\/\/obispadosanfelipe.cl\/2020\/wp-json\/wp\/v2\/comments?post=3183"}],"version-history":[{"count":0,"href":"https:\/\/obispadosanfelipe.cl\/2020\/wp-json\/wp\/v2\/posts\/3183\/revisions"}],"wp:featuredmedia":[{"embeddable":true,"href":"https:\/\/obispadosanfelipe.cl\/2020\/wp-json\/wp\/v2\/media\/3184"}],"wp:attachment":[{"href":"https:\/\/obispadosanfelipe.cl\/2020\/wp-json\/wp\/v2\/media?parent=3183"}],"wp:term":[{"taxonomy":"category","embeddable":true,"href":"https:\/\/obispadosanfelipe.cl\/2020\/wp-json\/wp\/v2\/categories?post=3183"},{"taxonomy":"post_tag","embeddable":true,"href":"https:\/\/obispadosanfelipe.cl\/2020\/wp-json\/wp\/v2\/tags?post=3183"}],"curies":[{"name":"wp","href":"https:\/\/api.w.org\/{rel}","templated":true}]}}