{"id":3190,"date":"2020-08-20T22:43:52","date_gmt":"2020-08-20T22:43:52","guid":{"rendered":"https:\/\/obispadosanfelipe.cl\/2020\/?p=3190"},"modified":"2020-08-22T23:11:31","modified_gmt":"2020-08-22T23:11:31","slug":"integrantes-de-la-toma-ubicada-en-san-felipe-reciben-ropa-de-abrigo-donada-por-incami","status":"publish","type":"post","link":"https:\/\/obispadosanfelipe.cl\/2020\/integrantes-de-la-toma-ubicada-en-san-felipe-reciben-ropa-de-abrigo-donada-por-incami\/","title":{"rendered":"Integrantes de la toma ubicada en San Felipe reciben ropa de abrigo donada por INCAMI"},"content":{"rendered":"<p><img loading=\"lazy\" class=\" wp-image-3192 alignright\" src=\"https:\/\/obispadosanfelipe.cl\/2020\/wp-content\/uploads\/2020\/08\/DSC_4450-300x200.jpg\" alt=\"\" width=\"338\" height=\"225\" srcset=\"https:\/\/obispadosanfelipe.cl\/2020\/wp-content\/uploads\/2020\/08\/DSC_4450-300x200.jpg 300w, https:\/\/obispadosanfelipe.cl\/2020\/wp-content\/uploads\/2020\/08\/DSC_4450-1024x683.jpg 1024w, https:\/\/obispadosanfelipe.cl\/2020\/wp-content\/uploads\/2020\/08\/DSC_4450-768x512.jpg 768w, https:\/\/obispadosanfelipe.cl\/2020\/wp-content\/uploads\/2020\/08\/DSC_4450-1536x1025.jpg 1536w, https:\/\/obispadosanfelipe.cl\/2020\/wp-content\/uploads\/2020\/08\/DSC_4450-2048x1367.jpg 2048w\" sizes=\"(max-width: 338px) 100vw, 338px\" \/>El pasado mi\u00e9rcoles 19 de agosto la Pastoral de Migrantes junto al Padre Gonzalo Bravo, Obispo diocesano, llegaron hasta la toma ubicada en el sector surponiente de la ciudad de San Felipe \u00a0para hacer entrega de ropa de abrigo donada por el Instituto Chileno de Migraci\u00f3n (INCAMI).<\/p>\n<p>En la ocasi\u00f3n el Padre Gonzalo comparti\u00f3 con personas de diferentes nacionalidades para conocer su situaci\u00f3n a nivel personal y comunitario, especialmente saber c\u00f3mo se han organizando las dos ollas comunes que se han implementando, para entregar un almuerzo digno a todos quienes los requieran.<\/p>\n<p>Jaime\u00a0de la comunidad boliviana agradeci\u00f3 la ayuda enviada por INCAMI, expresando \u201c<em>el inverno en San Felipe es duro y muy fr\u00edo, esta ropa es de gran ayuda para algunas familias, especialmente para aquellas que tienen hijos peque\u00f1os, que son ellos los que m\u00e1s han sufrido con las bajas temperaturas<\/em>\u201d.<\/p>\n<p>&nbsp;<\/p>\n<p>Fuente: Oficina de Comunicaciones<\/p>\n","protected":false},"excerpt":{"rendered":"<p>El pasado mi\u00e9rcoles 19 de agosto la Pastoral de Migrantes junto al Padre Gonzalo Bravo, Obispo diocesano, llegaron hasta la toma ubicada en el sector surponiente de la ciudad de&hellip;<\/p>\n","protected":false},"author":1,"featured_media":3194,"comment_status":"closed","ping_status":"open","sticky":false,"template":"","format":"standard","meta":[],"categories":[6,5],"tags":[],"_links":{"self":[{"href":"https:\/\/obispadosanfelipe.cl\/2020\/wp-json\/wp\/v2\/posts\/3190"}],"collection":[{"href":"https:\/\/obispadosanfelipe.cl\/2020\/wp-json\/wp\/v2\/posts"}],"about":[{"href":"https:\/\/obispadosanfelipe.cl\/2020\/wp-json\/wp\/v2\/types\/post"}],"author":[{"embeddable":true,"href":"https:\/\/obispadosanfelipe.cl\/2020\/wp-json\/wp\/v2\/users\/1"}],"replies":[{"embeddable":true,"href":"https:\/\/obispadosanfelipe.cl\/2020\/wp-json\/wp\/v2\/comments?post=3190"}],"version-history":[{"count":0,"href":"https:\/\/obispadosanfelipe.cl\/2020\/wp-json\/wp\/v2\/posts\/3190\/revisions"}],"wp:featuredmedia":[{"embeddable":true,"href":"https:\/\/obispadosanfelipe.cl\/2020\/wp-json\/wp\/v2\/media\/3194"}],"wp:attachment":[{"href":"https:\/\/obispadosanfelipe.cl\/2020\/wp-json\/wp\/v2\/media?parent=3190"}],"wp:term":[{"taxonomy":"category","embeddable":true,"href":"https:\/\/obispadosanfelipe.cl\/2020\/wp-json\/wp\/v2\/categories?post=3190"},{"taxonomy":"post_tag","embeddable":true,"href":"https:\/\/obispadosanfelipe.cl\/2020\/wp-json\/wp\/v2\/tags?post=3190"}],"curies":[{"name":"wp","href":"https:\/\/api.w.org\/{rel}","templated":true}]}}