{"id":3196,"date":"2020-08-21T20:16:53","date_gmt":"2020-08-21T20:16:53","guid":{"rendered":"https:\/\/obispadosanfelipe.cl\/2020\/?p=3196"},"modified":"2020-08-21T20:20:17","modified_gmt":"2020-08-21T20:20:17","slug":"cementerio-parroquia-de-los-andes-informa-nuevos-horarios","status":"publish","type":"post","link":"https:\/\/obispadosanfelipe.cl\/2020\/cementerio-parroquia-de-los-andes-informa-nuevos-horarios\/","title":{"rendered":"Cementerio Parroquia de Los Andes informa nuevos horarios"},"content":{"rendered":"<p>Se informa a la comunidad andina que el Cementerio Parroquial Santa Rosa de Los Andes, a partir del lunes 24 de Agosto, abrir\u00e1 sus puertas desde las 09 am. hasta las 16.30 hrs. Solamente de lunes a viernes.<\/p>\n<p>Los d\u00edas s\u00e1bados y domingos, permanecer\u00e1 cerrado, debido que la ciudad de Los Andes se encuentra \u00a0en la fase 2 de transici\u00f3n y que solo se atender\u00e1n funerales.<\/p>\n<p>Las oficinas del campo santo tendr\u00e1n atenci\u00f3n a p\u00fablico de lunes a viernes, de 09:30 a 14 hrs. El fono 342-426494 y correo electr\u00f3nico cementeriosr@gmail.com<\/p>\n<p>Es importante recordar que para ingresar se debe utilizar mascarilla y mantener la distancia social.<\/p>\n<p>&nbsp;<\/p>\n<p>Fuente: Jos\u00e9 Fern\u00e1ndez &#8211; Parroquia Santa Rosa de Lima.<\/p>\n","protected":false},"excerpt":{"rendered":"<p>Se informa a la comunidad andina que el Cementerio Parroquial Santa Rosa de Los Andes, a partir del lunes 24 de Agosto, abrir\u00e1 sus puertas desde las 09 am. hasta&hellip;<\/p>\n","protected":false},"author":1,"featured_media":3197,"comment_status":"closed","ping_status":"open","sticky":false,"template":"","format":"standard","meta":[],"categories":[6,5],"tags":[],"_links":{"self":[{"href":"https:\/\/obispadosanfelipe.cl\/2020\/wp-json\/wp\/v2\/posts\/3196"}],"collection":[{"href":"https:\/\/obispadosanfelipe.cl\/2020\/wp-json\/wp\/v2\/posts"}],"about":[{"href":"https:\/\/obispadosanfelipe.cl\/2020\/wp-json\/wp\/v2\/types\/post"}],"author":[{"embeddable":true,"href":"https:\/\/obispadosanfelipe.cl\/2020\/wp-json\/wp\/v2\/users\/1"}],"replies":[{"embeddable":true,"href":"https:\/\/obispadosanfelipe.cl\/2020\/wp-json\/wp\/v2\/comments?post=3196"}],"version-history":[{"count":0,"href":"https:\/\/obispadosanfelipe.cl\/2020\/wp-json\/wp\/v2\/posts\/3196\/revisions"}],"wp:featuredmedia":[{"embeddable":true,"href":"https:\/\/obispadosanfelipe.cl\/2020\/wp-json\/wp\/v2\/media\/3197"}],"wp:attachment":[{"href":"https:\/\/obispadosanfelipe.cl\/2020\/wp-json\/wp\/v2\/media?parent=3196"}],"wp:term":[{"taxonomy":"category","embeddable":true,"href":"https:\/\/obispadosanfelipe.cl\/2020\/wp-json\/wp\/v2\/categories?post=3196"},{"taxonomy":"post_tag","embeddable":true,"href":"https:\/\/obispadosanfelipe.cl\/2020\/wp-json\/wp\/v2\/tags?post=3196"}],"curies":[{"name":"wp","href":"https:\/\/api.w.org\/{rel}","templated":true}]}}