{"id":3200,"date":"2020-08-21T20:45:00","date_gmt":"2020-08-21T20:45:00","guid":{"rendered":"https:\/\/obispadosanfelipe.cl\/2020\/?p=3200"},"modified":"2020-08-22T23:09:16","modified_gmt":"2020-08-22T23:09:16","slug":"se-crea-la-red-de-voluntarios-san-felipe","status":"publish","type":"post","link":"https:\/\/obispadosanfelipe.cl\/2020\/se-crea-la-red-de-voluntarios-san-felipe\/","title":{"rendered":"Se crea Red de Voluntarios San Felipe"},"content":{"rendered":"<p><img loading=\"lazy\" class=\"size-medium wp-image-3203 alignright\" src=\"https:\/\/obispadosanfelipe.cl\/2020\/wp-content\/uploads\/2020\/08\/unnamed-1-2-300x225.jpg\" alt=\"\" width=\"300\" height=\"225\" srcset=\"https:\/\/obispadosanfelipe.cl\/2020\/wp-content\/uploads\/2020\/08\/unnamed-1-2-300x225.jpg 300w, https:\/\/obispadosanfelipe.cl\/2020\/wp-content\/uploads\/2020\/08\/unnamed-1-2-1024x768.jpg 1024w, https:\/\/obispadosanfelipe.cl\/2020\/wp-content\/uploads\/2020\/08\/unnamed-1-2-768x576.jpg 768w, https:\/\/obispadosanfelipe.cl\/2020\/wp-content\/uploads\/2020\/08\/unnamed-1-2-1536x1152.jpg 1536w, https:\/\/obispadosanfelipe.cl\/2020\/wp-content\/uploads\/2020\/08\/unnamed-1-2-2048x1536.jpg 2048w\" sizes=\"(max-width: 300px) 100vw, 300px\" \/>En una reuni\u00f3n desarrollada el pasado jueves 20 de agosto en el Obispado de San Felipe se cre\u00f3 <strong>Red de Voluntarios San Felipe<\/strong>, iniciativa que busca ser un punto de encuentro para articular un grupo de j\u00f3venes voluntarios para prestar diferentes servicios a la comunidad.<\/p>\n<p>En este encuentro participaron representantes del Instituto Abd\u00f3n Cifuentes, Liceo Corina Urbina, Colegio Pumanque, CEVAS San Felipe y la Pastoral de Migrantes.<\/p>\n<p>Este espacio nace como una necesidad de poder coordinar el trabajo entre diferentes grupos pastorales de los colegios y liceos de la ciudad para poner como eje central la transformaci\u00f3n social.<\/p>\n<p>El Padre Gonzalo Bravo, obispo de la di\u00f3cesis agradeci\u00f3 la participaci\u00f3n de todos y especialmente la voluntad de desarrollar un servicio en conjunto para nuestros hermanos m\u00e1s vulnerables, tambi\u00e9n aprovecho la ocasi\u00f3n para invitar a todas las personas u organizaciones para ser parte de esta red colaborativa.<\/p>\n<p>&nbsp;<\/p>\n<p>Fuente: Oficina de Comunicaciones<\/p>\n","protected":false},"excerpt":{"rendered":"<p>En una reuni\u00f3n desarrollada el pasado jueves 20 de agosto en el Obispado de San Felipe se cre\u00f3 Red de Voluntarios San Felipe, iniciativa que busca ser un punto de&hellip;<\/p>\n","protected":false},"author":1,"featured_media":3201,"comment_status":"closed","ping_status":"open","sticky":false,"template":"","format":"standard","meta":[],"categories":[6,5],"tags":[],"_links":{"self":[{"href":"https:\/\/obispadosanfelipe.cl\/2020\/wp-json\/wp\/v2\/posts\/3200"}],"collection":[{"href":"https:\/\/obispadosanfelipe.cl\/2020\/wp-json\/wp\/v2\/posts"}],"about":[{"href":"https:\/\/obispadosanfelipe.cl\/2020\/wp-json\/wp\/v2\/types\/post"}],"author":[{"embeddable":true,"href":"https:\/\/obispadosanfelipe.cl\/2020\/wp-json\/wp\/v2\/users\/1"}],"replies":[{"embeddable":true,"href":"https:\/\/obispadosanfelipe.cl\/2020\/wp-json\/wp\/v2\/comments?post=3200"}],"version-history":[{"count":0,"href":"https:\/\/obispadosanfelipe.cl\/2020\/wp-json\/wp\/v2\/posts\/3200\/revisions"}],"wp:featuredmedia":[{"embeddable":true,"href":"https:\/\/obispadosanfelipe.cl\/2020\/wp-json\/wp\/v2\/media\/3201"}],"wp:attachment":[{"href":"https:\/\/obispadosanfelipe.cl\/2020\/wp-json\/wp\/v2\/media?parent=3200"}],"wp:term":[{"taxonomy":"category","embeddable":true,"href":"https:\/\/obispadosanfelipe.cl\/2020\/wp-json\/wp\/v2\/categories?post=3200"},{"taxonomy":"post_tag","embeddable":true,"href":"https:\/\/obispadosanfelipe.cl\/2020\/wp-json\/wp\/v2\/tags?post=3200"}],"curies":[{"name":"wp","href":"https:\/\/api.w.org\/{rel}","templated":true}]}}