{"id":3205,"date":"2020-08-21T23:16:01","date_gmt":"2020-08-21T23:16:01","guid":{"rendered":"https:\/\/obispadosanfelipe.cl\/2020\/?p=3205"},"modified":"2020-08-21T23:16:01","modified_gmt":"2020-08-21T23:16:01","slug":"doce-horas-de-adoracion-eucaristia-online-para-pedir-por-la-paz-y-el-dialogo-social-en-chile","status":"publish","type":"post","link":"https:\/\/obispadosanfelipe.cl\/2020\/doce-horas-de-adoracion-eucaristia-online-para-pedir-por-la-paz-y-el-dialogo-social-en-chile\/","title":{"rendered":"Doce horas de Adoraci\u00f3n Eucarist\u00eda Online, para pedir por la paz y el di\u00e1logo social en Chile"},"content":{"rendered":"<p class=\"bajada_noticias_int\">La Comisi\u00f3n de Adoraci\u00f3n Eucar\u00edstica de Chile, ha organizado para este 22 de agosto la \u00abJornada de Adoraci\u00f3n y Ayuno por la paz y el di\u00e1logo social en Chile\u201d que se desarrollar\u00e1 ininterrumpidamente entre las 8:00 a las 20:00 horas, jornada en la cual la P<strong>arroquia Ntra Sra. del Carmen de Rinconada de Silva, participar\u00e1 a las\u00a0 12:30 a 13:00 desde la Capilla Monte Tabor.<\/strong><\/p>\n<div class=\"raya_gris mb-3\"><\/div>\n<div class=\"texto_noticias_int cuerpoNoticia\">\n<div class=\"col col-12 float-right quitar_der_imagen_noticia col-sm-6\"><\/div>\n<p>Para esta jornada se invit\u00f3 a las capillas que tienen la tecnolog\u00eda apropiada para transmitir en l\u00ednea, a unirse con media hora de adoraci\u00f3n. Desde cada una de esas comunidades se retransmitir\u00e1 la adoraci\u00f3n, en vivo para todo Chile, desde el canal de\u00a0<b><a href=\"https:\/\/youtu.be\/22PqD2U9BqI\" target=\"_blank\" rel=\"noopener noreferrer\">Youtube de la Parroquia Nuestra Se\u00f1ora del Rosario<\/a><\/b>.<\/p>\n<p>La respuesta de las capillas a la iniciativa ha sido tan buena que no todas podr\u00e1n participar de la transmisi\u00f3n online. Sin embargo, se ha pedido a todas las comunidades que se unan en esta adoraci\u00f3n, a recordar las palabras de Jes\u00fas: \u201cSin mi nada pod\u00e9is hacer\u00bb (Jn 15, 5). Se estima que en esta jornada participar\u00e1n m\u00e1s de 15 mil personas adorando en diferentes horarios a Jesucristo presente en la eucarist\u00eda.<\/p>\n<p>En Chile hay 65 capillas desde Calama en el norte, hasta Punta Arenas en el sur. De estas, 30 son perpetuas, est\u00e1n abiertas las 24 horas del d\u00eda. Cuando no han podido estar abiertas por cuarentena, los adoradores adoran desde sus casas junto a las capillas que est\u00e1n transmitiendo en vivo.<\/p>\n<p>Fuente: Adoraci\u00f3n Eucar\u00edstica Chile<br \/>\n<span class=\"texto_fecha\"><em>Santiago, 21-08-2020<\/em><\/span><\/div>\n","protected":false},"excerpt":{"rendered":"<p>La Comisi\u00f3n de Adoraci\u00f3n Eucar\u00edstica de Chile, ha organizado para este 22 de agosto la \u00abJornada de Adoraci\u00f3n y Ayuno por la paz y el di\u00e1logo social en Chile\u201d que&hellip;<\/p>\n","protected":false},"author":1,"featured_media":3206,"comment_status":"closed","ping_status":"open","sticky":false,"template":"","format":"standard","meta":[],"categories":[6,5],"tags":[],"_links":{"self":[{"href":"https:\/\/obispadosanfelipe.cl\/2020\/wp-json\/wp\/v2\/posts\/3205"}],"collection":[{"href":"https:\/\/obispadosanfelipe.cl\/2020\/wp-json\/wp\/v2\/posts"}],"about":[{"href":"https:\/\/obispadosanfelipe.cl\/2020\/wp-json\/wp\/v2\/types\/post"}],"author":[{"embeddable":true,"href":"https:\/\/obispadosanfelipe.cl\/2020\/wp-json\/wp\/v2\/users\/1"}],"replies":[{"embeddable":true,"href":"https:\/\/obispadosanfelipe.cl\/2020\/wp-json\/wp\/v2\/comments?post=3205"}],"version-history":[{"count":0,"href":"https:\/\/obispadosanfelipe.cl\/2020\/wp-json\/wp\/v2\/posts\/3205\/revisions"}],"wp:featuredmedia":[{"embeddable":true,"href":"https:\/\/obispadosanfelipe.cl\/2020\/wp-json\/wp\/v2\/media\/3206"}],"wp:attachment":[{"href":"https:\/\/obispadosanfelipe.cl\/2020\/wp-json\/wp\/v2\/media?parent=3205"}],"wp:term":[{"taxonomy":"category","embeddable":true,"href":"https:\/\/obispadosanfelipe.cl\/2020\/wp-json\/wp\/v2\/categories?post=3205"},{"taxonomy":"post_tag","embeddable":true,"href":"https:\/\/obispadosanfelipe.cl\/2020\/wp-json\/wp\/v2\/tags?post=3205"}],"curies":[{"name":"wp","href":"https:\/\/api.w.org\/{rel}","templated":true}]}}