{"id":3213,"date":"2020-08-24T10:08:06","date_gmt":"2020-08-24T10:08:06","guid":{"rendered":"https:\/\/obispadosanfelipe.cl\/2020\/?p=3213"},"modified":"2020-08-24T02:09:38","modified_gmt":"2020-08-24T02:09:38","slug":"cevas-chile-cumple-49-anos-de-servicio","status":"publish","type":"post","link":"https:\/\/obispadosanfelipe.cl\/2020\/cevas-chile-cumple-49-anos-de-servicio\/","title":{"rendered":"CEVAS Chile cumple 49 a\u00f1os de servicio"},"content":{"rendered":"<p>El domingo 23 de agosto se celebra un a\u00f1o m\u00e1s de la fundaci\u00f3n de los Centros de Vacaciones Solidarias en Chile, esta fecha se conmemora en honor a la pascua del Padre Hugo Cornelissenn quien falleci\u00f3 hace 11 a\u00f1os.<\/p>\n<p>La celebraci\u00f3n de este a\u00f1o producto de la pandemia se realiz\u00f3 totalmente en l\u00ednea desde la Comisi\u00f3n Nacional de CEVAS Chile, para compartir experiencias y testimonios de fe.<\/p>\n<p>A nivel de di\u00f3cesis de San Felipe los diferentes centros de la zona generaron material en sus Instagram como lo fue en caso de Santa Rosa de Los Andes y \u00a0San Felipe. CEVAS Cabildo desarroll\u00f3 un encuentro online con sus monitores para celebrar estos 49 a\u00f1os.<\/p>\n<p>Por \u00faltimo, desde la comisi\u00f3n nacional se present\u00f3 el audio oficial del Himno Nacional que fue escrito e interpretado por Carmen Herrera y producido con la ayuda de Fabian Valencia. El video del himno lo pueden encontrar en el YouTube\u00a0 de CEVAS\u00a0 Chile.<\/p>\n<p>&nbsp;<\/p>\n<p><iframe loading=\"lazy\" title=\"Himno Oficial CEVAS Chile\" width=\"1200\" height=\"675\" src=\"https:\/\/www.youtube.com\/embed\/s8zyW2qSJUA?feature=oembed\" frameborder=\"0\" allow=\"accelerometer; autoplay; encrypted-media; gyroscope; picture-in-picture\" allowfullscreen><\/iframe><\/p>\n<p>&nbsp;<\/p>\n<p>Fuente: Cevas Chile<\/p>\n","protected":false},"excerpt":{"rendered":"<p>El domingo 23 de agosto se celebra un a\u00f1o m\u00e1s de la fundaci\u00f3n de los Centros de Vacaciones Solidarias en Chile, esta fecha se conmemora en honor a la pascua&hellip;<\/p>\n","protected":false},"author":1,"featured_media":3214,"comment_status":"closed","ping_status":"open","sticky":false,"template":"","format":"standard","meta":[],"categories":[6,5],"tags":[],"_links":{"self":[{"href":"https:\/\/obispadosanfelipe.cl\/2020\/wp-json\/wp\/v2\/posts\/3213"}],"collection":[{"href":"https:\/\/obispadosanfelipe.cl\/2020\/wp-json\/wp\/v2\/posts"}],"about":[{"href":"https:\/\/obispadosanfelipe.cl\/2020\/wp-json\/wp\/v2\/types\/post"}],"author":[{"embeddable":true,"href":"https:\/\/obispadosanfelipe.cl\/2020\/wp-json\/wp\/v2\/users\/1"}],"replies":[{"embeddable":true,"href":"https:\/\/obispadosanfelipe.cl\/2020\/wp-json\/wp\/v2\/comments?post=3213"}],"version-history":[{"count":0,"href":"https:\/\/obispadosanfelipe.cl\/2020\/wp-json\/wp\/v2\/posts\/3213\/revisions"}],"wp:featuredmedia":[{"embeddable":true,"href":"https:\/\/obispadosanfelipe.cl\/2020\/wp-json\/wp\/v2\/media\/3214"}],"wp:attachment":[{"href":"https:\/\/obispadosanfelipe.cl\/2020\/wp-json\/wp\/v2\/media?parent=3213"}],"wp:term":[{"taxonomy":"category","embeddable":true,"href":"https:\/\/obispadosanfelipe.cl\/2020\/wp-json\/wp\/v2\/categories?post=3213"},{"taxonomy":"post_tag","embeddable":true,"href":"https:\/\/obispadosanfelipe.cl\/2020\/wp-json\/wp\/v2\/tags?post=3213"}],"curies":[{"name":"wp","href":"https:\/\/api.w.org\/{rel}","templated":true}]}}