{"id":3216,"date":"2020-08-24T11:09:47","date_gmt":"2020-08-24T11:09:47","guid":{"rendered":"https:\/\/obispadosanfelipe.cl\/2020\/?p=3216"},"modified":"2020-08-24T02:11:53","modified_gmt":"2020-08-24T02:11:53","slug":"comunidad-de-chincolco-recibe-a-nuevo-obispo-de-san-felipe","status":"publish","type":"post","link":"https:\/\/obispadosanfelipe.cl\/2020\/comunidad-de-chincolco-recibe-a-nuevo-obispo-de-san-felipe\/","title":{"rendered":"Comunidad de Chincolco recibe a nuevo Obispo de San Felipe"},"content":{"rendered":"<p>En su primera visita a la comunidad de Chincolco el Padre Gonzalo Bravo, Obispo de San Felipe, fue recibido por algunas personas dadas las condiciones actuales por la pandemia del Covid-19. Esta visita tuvo varios momentos entre los que se destacan la celebraci\u00f3n de la Eucarist\u00eda junto al Padre Miguel Trivi\u00f1o, la que fue transmitida en directo por el facebook de la parroquia.<\/p>\n<p>Un momento importante fue la visita a la Srta. Rebeca Flores, catequista por m\u00e1s de 80 a\u00f1os, quien con su testimonio de fe, ha sido un ejemplo para toda la Di\u00f3cesis, por su vocaci\u00f3n, ejemplo y solidaridad, para prestar un servicio al pueblo de Dios que peregrina en Petorca.<\/p>\n<p>El Padre Gonzalo, en parte de la conversaci\u00f3n sostenida con ella, le agradeci\u00f3 su entrega y su testimonio, y especialmente\u00a0 le pidi\u00f3 que contin\u00fae orando por nuestra Di\u00f3cesis y por todos los sacerdotes y catequistas, para que Dios nos bendiga con nuevas vocaciones sacerdotales y laicales.<\/p>\n<p>&nbsp;<\/p>\n<p>Fuente: Oficina de Comunicaciones<\/p>\n","protected":false},"excerpt":{"rendered":"<p>En su primera visita a la comunidad de Chincolco el Padre Gonzalo Bravo, Obispo de San Felipe, fue recibido por algunas personas dadas las condiciones actuales por la pandemia del&hellip;<\/p>\n","protected":false},"author":1,"featured_media":3217,"comment_status":"closed","ping_status":"open","sticky":false,"template":"","format":"standard","meta":[],"categories":[6,5],"tags":[],"_links":{"self":[{"href":"https:\/\/obispadosanfelipe.cl\/2020\/wp-json\/wp\/v2\/posts\/3216"}],"collection":[{"href":"https:\/\/obispadosanfelipe.cl\/2020\/wp-json\/wp\/v2\/posts"}],"about":[{"href":"https:\/\/obispadosanfelipe.cl\/2020\/wp-json\/wp\/v2\/types\/post"}],"author":[{"embeddable":true,"href":"https:\/\/obispadosanfelipe.cl\/2020\/wp-json\/wp\/v2\/users\/1"}],"replies":[{"embeddable":true,"href":"https:\/\/obispadosanfelipe.cl\/2020\/wp-json\/wp\/v2\/comments?post=3216"}],"version-history":[{"count":0,"href":"https:\/\/obispadosanfelipe.cl\/2020\/wp-json\/wp\/v2\/posts\/3216\/revisions"}],"wp:featuredmedia":[{"embeddable":true,"href":"https:\/\/obispadosanfelipe.cl\/2020\/wp-json\/wp\/v2\/media\/3217"}],"wp:attachment":[{"href":"https:\/\/obispadosanfelipe.cl\/2020\/wp-json\/wp\/v2\/media?parent=3216"}],"wp:term":[{"taxonomy":"category","embeddable":true,"href":"https:\/\/obispadosanfelipe.cl\/2020\/wp-json\/wp\/v2\/categories?post=3216"},{"taxonomy":"post_tag","embeddable":true,"href":"https:\/\/obispadosanfelipe.cl\/2020\/wp-json\/wp\/v2\/tags?post=3216"}],"curies":[{"name":"wp","href":"https:\/\/api.w.org\/{rel}","templated":true}]}}