{"id":3220,"date":"2020-08-24T13:12:02","date_gmt":"2020-08-24T13:12:02","guid":{"rendered":"https:\/\/obispadosanfelipe.cl\/2020\/?p=3220"},"modified":"2020-08-24T02:15:18","modified_gmt":"2020-08-24T02:15:18","slug":"avanza-construccion-de-capilla-san-jose-en-chincolco","status":"publish","type":"post","link":"https:\/\/obispadosanfelipe.cl\/2020\/avanza-construccion-de-capilla-san-jose-en-chincolco\/","title":{"rendered":"Avanza construcci\u00f3n de Capilla San Jos\u00e9 en Chincolco"},"content":{"rendered":"<p><img loading=\"lazy\" class=\"size-medium wp-image-3222 alignright\" src=\"https:\/\/obispadosanfelipe.cl\/2020\/wp-content\/uploads\/2020\/08\/4475d16c-3287-44fb-b6ae-30f007c2bf3b-300x225.jpg\" alt=\"\" width=\"300\" height=\"225\" srcset=\"https:\/\/obispadosanfelipe.cl\/2020\/wp-content\/uploads\/2020\/08\/4475d16c-3287-44fb-b6ae-30f007c2bf3b-300x225.jpg 300w, https:\/\/obispadosanfelipe.cl\/2020\/wp-content\/uploads\/2020\/08\/4475d16c-3287-44fb-b6ae-30f007c2bf3b-1024x768.jpg 1024w, https:\/\/obispadosanfelipe.cl\/2020\/wp-content\/uploads\/2020\/08\/4475d16c-3287-44fb-b6ae-30f007c2bf3b-768x576.jpg 768w, https:\/\/obispadosanfelipe.cl\/2020\/wp-content\/uploads\/2020\/08\/4475d16c-3287-44fb-b6ae-30f007c2bf3b.jpg 1280w\" sizes=\"(max-width: 300px) 100vw, 300px\" \/>En pleno sector cordillerano se construye la capilla San Jos\u00e9, gracias al proyecto \u201cCapillas para Chile\u201d que nace hace 11 a\u00f1os, bajo una acci\u00f3n impulsada por la fundaci\u00f3n internacional Ayuda a la Iglesia que Sufre.<\/p>\n<p>Esta capilla ubicada en medio de un hermoso paraje, ha crecido gracias a la importante labor realizada por la comunidad. Quienes de manera mancomunada han trabajado para lograr que la bendici\u00f3n de este lugar se materialice el pr\u00f3ximo 19 de marzo del a\u00f1o 2021.<\/p>\n<p>Don Vicente de la comunidad, en conversaci\u00f3n con el Padre Gonzalo Bravo, Obispo de San Felipe, le coment\u00f3 de los proyectos que tienen para mejorar y adem\u00e1s actuando de manera sustentable medio ambientalmente para cuidar nuestra Casa Com\u00fan, se instalar\u00e1n paneles solares, para dotarla con energ\u00eda el\u00e9ctrica renovable.<\/p>\n<p>&nbsp;<\/p>\n<p>Fuente: Oficina de Comunicaciones<\/p>\n","protected":false},"excerpt":{"rendered":"<p>En pleno sector cordillerano se construye la capilla San Jos\u00e9, gracias al proyecto \u201cCapillas para Chile\u201d que nace hace 11 a\u00f1os, bajo una acci\u00f3n impulsada por la fundaci\u00f3n internacional Ayuda&hellip;<\/p>\n","protected":false},"author":1,"featured_media":3221,"comment_status":"closed","ping_status":"open","sticky":false,"template":"","format":"standard","meta":[],"categories":[6,5],"tags":[],"_links":{"self":[{"href":"https:\/\/obispadosanfelipe.cl\/2020\/wp-json\/wp\/v2\/posts\/3220"}],"collection":[{"href":"https:\/\/obispadosanfelipe.cl\/2020\/wp-json\/wp\/v2\/posts"}],"about":[{"href":"https:\/\/obispadosanfelipe.cl\/2020\/wp-json\/wp\/v2\/types\/post"}],"author":[{"embeddable":true,"href":"https:\/\/obispadosanfelipe.cl\/2020\/wp-json\/wp\/v2\/users\/1"}],"replies":[{"embeddable":true,"href":"https:\/\/obispadosanfelipe.cl\/2020\/wp-json\/wp\/v2\/comments?post=3220"}],"version-history":[{"count":0,"href":"https:\/\/obispadosanfelipe.cl\/2020\/wp-json\/wp\/v2\/posts\/3220\/revisions"}],"wp:featuredmedia":[{"embeddable":true,"href":"https:\/\/obispadosanfelipe.cl\/2020\/wp-json\/wp\/v2\/media\/3221"}],"wp:attachment":[{"href":"https:\/\/obispadosanfelipe.cl\/2020\/wp-json\/wp\/v2\/media?parent=3220"}],"wp:term":[{"taxonomy":"category","embeddable":true,"href":"https:\/\/obispadosanfelipe.cl\/2020\/wp-json\/wp\/v2\/categories?post=3220"},{"taxonomy":"post_tag","embeddable":true,"href":"https:\/\/obispadosanfelipe.cl\/2020\/wp-json\/wp\/v2\/tags?post=3220"}],"curies":[{"name":"wp","href":"https:\/\/api.w.org\/{rel}","templated":true}]}}