{"id":3224,"date":"2020-08-25T13:23:51","date_gmt":"2020-08-25T13:23:51","guid":{"rendered":"https:\/\/obispadosanfelipe.cl\/2020\/?p=3224"},"modified":"2020-08-25T00:27:23","modified_gmt":"2020-08-25T00:27:23","slug":"capilla-tabor-se-unio-a-de-adoracion-eucaristica-y-ayuno-por-la-paz-de-chile","status":"publish","type":"post","link":"https:\/\/obispadosanfelipe.cl\/2020\/capilla-tabor-se-unio-a-de-adoracion-eucaristica-y-ayuno-por-la-paz-de-chile\/","title":{"rendered":"Capilla Tabor se uni\u00f3 a de Adoraci\u00f3n Eucar\u00edstica y Ayuno por la paz de Chile"},"content":{"rendered":"<p>Con inmensa alegr\u00eda la Comisi\u00f3n de Adoraci\u00f3n Eucar\u00edstica Chile convoc\u00f3 para el s\u00e1bado 22 de Agosto,\u00a0 a las Capillas de Adoraci\u00f3n Eucar\u00edstica (Perpetuas y permanentes) de todo Chile,\u00a0 para unirse virtualmente y realizar una Jornada de Adoraci\u00f3n Eucar\u00edstica y Ayuno por la paz y el di\u00e1logo social de Chile. Esta Jornada se inici\u00f3 a las 8 de la ma\u00f1ana y culmin\u00f3 a las 19 horas con una Eucaristia desde la Parroquia Nuestra Se\u00f1ora del Rosario de Las Condes.<\/p>\n<p>Cada capilla de Adoraci\u00f3n dispuso de 30 minutos para la Adoraci\u00f3n.<\/p>\n<p>Desde la Coordinaci\u00f3n parroquial, se dispuso que la Capilla de Adoraci\u00f3n Eucar\u00edstica Perpetua Tabor, de la Parroquia Nuestra Se\u00f1ora del Carmen de Rinconada de Silva, Di\u00f3cesis de San Felipe, realizar\u00e1 la Adoraci\u00f3n Eucar\u00edstica desde las 12:30 a las 13 hrs. Se transmiti\u00f3 en directo a trav\u00e9s de Facebook parroquial,\u00a0 al cual se conectaban desde la central de la Comisi\u00f3n Nacional de Adoraci\u00f3n Eucar\u00edstica Chile (Santiago) para ser transmitida a todo el pa\u00eds.<\/p>\n<p>La Adoraci\u00f3n Eucar\u00edstica de Capilla Tabor cont\u00f3 con la compa\u00f1\u00eda, participaci\u00f3n y gu\u00eda de\u00a0 Padre \u00a0Gonzalo Bravo, Obispo de San Felipe. Verdaderamente una Experiencia de Amor junto al Coraz\u00f3n Eucar\u00edstico de Jes\u00fas Sacramentado de Norte a Sur,\u00a0 usando las redes sociales, se pudo llevar la presencia peal de Nuestro Se\u00f1or Jesucristo en el Sant\u00edsimo Sacramento a much\u00edsimos hogares, comunidades y corazones,\u00a0 para que cada d\u00eda, sean m\u00e1s y m\u00e1s los que puedan unirse a la Adoraci\u00f3n Eucar\u00edstica.<\/p>\n<p>Fuente: Marcela P\u00e9rez H. Coordinadora,\u00a0 Capilla de Adoraci\u00f3n Eucar\u00edstica Perpetua.<\/p>\n","protected":false},"excerpt":{"rendered":"<p>Con inmensa alegr\u00eda la Comisi\u00f3n de Adoraci\u00f3n Eucar\u00edstica Chile convoc\u00f3 para el s\u00e1bado 22 de Agosto,\u00a0 a las Capillas de Adoraci\u00f3n Eucar\u00edstica (Perpetuas y permanentes) de todo Chile,\u00a0 para unirse&hellip;<\/p>\n","protected":false},"author":1,"featured_media":3225,"comment_status":"closed","ping_status":"open","sticky":false,"template":"","format":"standard","meta":[],"categories":[6,5],"tags":[],"_links":{"self":[{"href":"https:\/\/obispadosanfelipe.cl\/2020\/wp-json\/wp\/v2\/posts\/3224"}],"collection":[{"href":"https:\/\/obispadosanfelipe.cl\/2020\/wp-json\/wp\/v2\/posts"}],"about":[{"href":"https:\/\/obispadosanfelipe.cl\/2020\/wp-json\/wp\/v2\/types\/post"}],"author":[{"embeddable":true,"href":"https:\/\/obispadosanfelipe.cl\/2020\/wp-json\/wp\/v2\/users\/1"}],"replies":[{"embeddable":true,"href":"https:\/\/obispadosanfelipe.cl\/2020\/wp-json\/wp\/v2\/comments?post=3224"}],"version-history":[{"count":0,"href":"https:\/\/obispadosanfelipe.cl\/2020\/wp-json\/wp\/v2\/posts\/3224\/revisions"}],"wp:featuredmedia":[{"embeddable":true,"href":"https:\/\/obispadosanfelipe.cl\/2020\/wp-json\/wp\/v2\/media\/3225"}],"wp:attachment":[{"href":"https:\/\/obispadosanfelipe.cl\/2020\/wp-json\/wp\/v2\/media?parent=3224"}],"wp:term":[{"taxonomy":"category","embeddable":true,"href":"https:\/\/obispadosanfelipe.cl\/2020\/wp-json\/wp\/v2\/categories?post=3224"},{"taxonomy":"post_tag","embeddable":true,"href":"https:\/\/obispadosanfelipe.cl\/2020\/wp-json\/wp\/v2\/tags?post=3224"}],"curies":[{"name":"wp","href":"https:\/\/api.w.org\/{rel}","templated":true}]}}