{"id":3227,"date":"2020-08-26T16:00:13","date_gmt":"2020-08-26T16:00:13","guid":{"rendered":"https:\/\/obispadosanfelipe.cl\/2020\/?p=3227"},"modified":"2020-08-26T16:00:13","modified_gmt":"2020-08-26T16:00:13","slug":"episcopado-chileno-invita-a-la-participacion-ciudadana-ante-el-plebiscito-nacional-2020","status":"publish","type":"post","link":"https:\/\/obispadosanfelipe.cl\/2020\/episcopado-chileno-invita-a-la-participacion-ciudadana-ante-el-plebiscito-nacional-2020\/","title":{"rendered":"Episcopado chileno invita a la participaci\u00f3n ciudadana ante el Plebiscito Nacional 2020"},"content":{"rendered":"<p>La Conferencia Episcopal de Chile da a conocer fichas de reflexi\u00f3n para ayudar al di\u00e1logo e invitar a la participaci\u00f3n activa en vista al plebiscito de octubre de 2020.<\/p>\n<p>&nbsp;<\/p>\n<p>\u201cParticipaci\u00f3n ciudadana, un compromiso con la justicia y la paz\u201d es el nombre del material que busca ayudar a que las comunidades y la ciudadan\u00eda conozcan las leg\u00edtimas opciones que se presentan, para que informada y libremente, en conciencia, cada persona pueda formarse una convicci\u00f3n que oriente su voto personal.<\/p>\n<p>Las fichas \u201cPrepar\u00e1ndonos para el Plebiscito 2020\u201d y \u201cConstituci\u00f3n, Plebiscito y Democracia\u201d est\u00e1n disponibles en formato digital en <b><a href=\"http:\/\/www.iglesia.cl\/participacionciudadana\/fichas.php\" target=\"_blank\" rel=\"noopener noreferrer\">www.iglesia.cl\/participacionciudadana\/fichas.php<\/a><\/b><\/p>\n<p>En el <b><a href=\"http:\/\/www.iglesia.cl\/participacionciudadana\" target=\"_blank\" rel=\"noopener noreferrer\">especial de Iglesia.cl \u00abParticipaci\u00f3n Ciudadana\u00bb<\/a><\/b> el Comit\u00e9 Permanente de la CECh hace una <b><a href=\"http:\/\/www.iglesia.cl\/participacionciudadana\/presentacion.php\" target=\"_blank\" rel=\"noopener noreferrer\">presentaci\u00f3n<\/a><\/b> de estos recursos, se\u00f1alando: \u00abPorque amamos a Chile, nos interesa que nuestra patria, hogar de todos, progrese en justicia y paz, en igualdad de oportunidades y en mejores condiciones para las personas y grupos m\u00e1s vulnerables. Eso no se logra por la v\u00eda de la violencia ni por la imposici\u00f3n arbitraria de un sector sobre otro. Lo mejor de Chile lo hemos tejido a trav\u00e9s del di\u00e1logo, la amistad c\u00edvica y la b\u00fasqueda de grandes acuerdos con generosidad de esp\u00edritu y altura de miras. La pandemia del Covid-19, con sus dolorosas consecuencias para todo nuestro pueblo, nos ha demostrado la imperiosa necesidad de abrir caminos con el aporte de todos\u00bb.<\/p>\n<p>Fuente: Comunicaciones CECh<br \/>\n<span class=\"texto_fecha\"><em>CECh, 26-08-2020<\/em><\/span><\/p>\n<p>&nbsp;<\/p>\n","protected":false},"excerpt":{"rendered":"<p>La Conferencia Episcopal de Chile da a conocer fichas de reflexi\u00f3n para ayudar al di\u00e1logo e invitar a la participaci\u00f3n activa en vista al plebiscito de octubre de 2020. &nbsp;&hellip;<\/p>\n","protected":false},"author":1,"featured_media":3228,"comment_status":"closed","ping_status":"open","sticky":false,"template":"","format":"standard","meta":[],"categories":[6,5,3],"tags":[],"_links":{"self":[{"href":"https:\/\/obispadosanfelipe.cl\/2020\/wp-json\/wp\/v2\/posts\/3227"}],"collection":[{"href":"https:\/\/obispadosanfelipe.cl\/2020\/wp-json\/wp\/v2\/posts"}],"about":[{"href":"https:\/\/obispadosanfelipe.cl\/2020\/wp-json\/wp\/v2\/types\/post"}],"author":[{"embeddable":true,"href":"https:\/\/obispadosanfelipe.cl\/2020\/wp-json\/wp\/v2\/users\/1"}],"replies":[{"embeddable":true,"href":"https:\/\/obispadosanfelipe.cl\/2020\/wp-json\/wp\/v2\/comments?post=3227"}],"version-history":[{"count":0,"href":"https:\/\/obispadosanfelipe.cl\/2020\/wp-json\/wp\/v2\/posts\/3227\/revisions"}],"wp:featuredmedia":[{"embeddable":true,"href":"https:\/\/obispadosanfelipe.cl\/2020\/wp-json\/wp\/v2\/media\/3228"}],"wp:attachment":[{"href":"https:\/\/obispadosanfelipe.cl\/2020\/wp-json\/wp\/v2\/media?parent=3227"}],"wp:term":[{"taxonomy":"category","embeddable":true,"href":"https:\/\/obispadosanfelipe.cl\/2020\/wp-json\/wp\/v2\/categories?post=3227"},{"taxonomy":"post_tag","embeddable":true,"href":"https:\/\/obispadosanfelipe.cl\/2020\/wp-json\/wp\/v2\/tags?post=3227"}],"curies":[{"name":"wp","href":"https:\/\/api.w.org\/{rel}","templated":true}]}}