{"id":3230,"date":"2020-08-27T10:37:03","date_gmt":"2020-08-27T10:37:03","guid":{"rendered":"https:\/\/obispadosanfelipe.cl\/2020\/?p=3230"},"modified":"2020-08-27T23:38:50","modified_gmt":"2020-08-27T23:38:50","slug":"celebracion-de-eucaristia-con-personal-desvinculado","status":"publish","type":"post","link":"https:\/\/obispadosanfelipe.cl\/2020\/celebracion-de-eucaristia-con-personal-desvinculado\/","title":{"rendered":"Celebraci\u00f3n de Eucarist\u00eda con personal desvinculado"},"content":{"rendered":"<p>El Padre Gonzalo Bravo, Obispo Diocesano y el Consejo de Gobierno de la Di\u00f3cesis han querido reunirse con el personal desvinculado del Obispado; celebrar\u00e1n juntos la eucarist\u00eda para agradecer sus a\u00f1os de servicio y entrega a la construcci\u00f3n del reino en los valles de Aconcagua y Petorca.<\/p>\n<p>Esta celebraci\u00f3n ser\u00e1 el d\u00eda viernes 28 de agosto a las 17.00 hrs en las dependencias del Obispado de San Felipe.<\/p>\n<div class=\"text_exposed_show\">\n<p>La iglesia de San Felipe se compromete con la reparaci\u00f3n y oraci\u00f3n por ellos y sus familias.<\/p>\n<p>Fuente: Padre Claudio Acevedo.<\/p>\n<\/div>\n","protected":false},"excerpt":{"rendered":"<p>El Padre Gonzalo Bravo, Obispo Diocesano y el Consejo de Gobierno de la Di\u00f3cesis han querido reunirse con el personal desvinculado del Obispado; celebrar\u00e1n juntos la eucarist\u00eda para agradecer sus&hellip;<\/p>\n","protected":false},"author":1,"featured_media":102,"comment_status":"closed","ping_status":"open","sticky":false,"template":"","format":"standard","meta":[],"categories":[6,5],"tags":[],"_links":{"self":[{"href":"https:\/\/obispadosanfelipe.cl\/2020\/wp-json\/wp\/v2\/posts\/3230"}],"collection":[{"href":"https:\/\/obispadosanfelipe.cl\/2020\/wp-json\/wp\/v2\/posts"}],"about":[{"href":"https:\/\/obispadosanfelipe.cl\/2020\/wp-json\/wp\/v2\/types\/post"}],"author":[{"embeddable":true,"href":"https:\/\/obispadosanfelipe.cl\/2020\/wp-json\/wp\/v2\/users\/1"}],"replies":[{"embeddable":true,"href":"https:\/\/obispadosanfelipe.cl\/2020\/wp-json\/wp\/v2\/comments?post=3230"}],"version-history":[{"count":0,"href":"https:\/\/obispadosanfelipe.cl\/2020\/wp-json\/wp\/v2\/posts\/3230\/revisions"}],"wp:featuredmedia":[{"embeddable":true,"href":"https:\/\/obispadosanfelipe.cl\/2020\/wp-json\/wp\/v2\/media\/102"}],"wp:attachment":[{"href":"https:\/\/obispadosanfelipe.cl\/2020\/wp-json\/wp\/v2\/media?parent=3230"}],"wp:term":[{"taxonomy":"category","embeddable":true,"href":"https:\/\/obispadosanfelipe.cl\/2020\/wp-json\/wp\/v2\/categories?post=3230"},{"taxonomy":"post_tag","embeddable":true,"href":"https:\/\/obispadosanfelipe.cl\/2020\/wp-json\/wp\/v2\/tags?post=3230"}],"curies":[{"name":"wp","href":"https:\/\/api.w.org\/{rel}","templated":true}]}}