{"id":3232,"date":"2020-08-27T23:46:38","date_gmt":"2020-08-27T23:46:38","guid":{"rendered":"https:\/\/obispadosanfelipe.cl\/2020\/?p=3232"},"modified":"2020-08-29T23:35:57","modified_gmt":"2020-08-29T23:35:57","slug":"parroquia-de-fatima-reanudo-atencion-al-publico-y-el-domingo-celebrara-la-misa","status":"publish","type":"post","link":"https:\/\/obispadosanfelipe.cl\/2020\/parroquia-de-fatima-reanudo-atencion-al-publico-y-el-domingo-celebrara-la-misa\/","title":{"rendered":"Parroquia de F\u00e1tima reanudo atenci\u00f3n al p\u00fablico y el domingo celebrar\u00e1 la misa"},"content":{"rendered":"<p>Los Andes\u00a0 estando por 9 semanas de cuarentena\u00a0 total y pasar el lunes 24 de agosto a fase 2 de transici\u00f3n, la oficina parroquial retomo la atenci\u00f3n al p\u00fablico <strong>los d\u00edas mi\u00e9rcoles y viernes desde las 10:30 hrs a 12:30 hrs tomando todas las medidas sanitarias para dar una buena atenci\u00f3n<\/strong><\/p>\n<p>Desde este\u00a0<strong>domingo 30 de agosto se reanuda\u00a0 la Santa Misa desde la parroquia<\/strong>\u00a0 a las 12:00 hrs\u00a0<strong>SIN PUBLICO<\/strong> y ser\u00e1 transmitida por la Radio F\u00e1tima 107.9 su se\u00f1al online <a href=\"https:\/\/www.radiofatima.cl\/\">www.radiofatima.cl\u00a0<\/a>\u00a0y por su red social FACEBOOK .Radio Fatima 107.9FM Los Andes, donde podr\u00e1 ver la misa.<\/p>\n<p>Para la transmisi\u00f3n de la misa la radio ya esta preparada con todas las medidas y protocolos sanitarios<\/p>\n<p>La RADIO FATIMA\u00a0\u00a0<strong>agradece al\u00a0 Padre RODRIGO SEGURA Rector del Santuario\u00a0 de Auco<\/strong> Por permitir en tiempo de cuarentena total transmitir la misa a toda la comunidad de centenario en Los Andes.<\/p>\n<p>Fuente: RADIO FATIMA 107.9<\/p>\n","protected":false},"excerpt":{"rendered":"<p>Los Andes\u00a0 estando por 9 semanas de cuarentena\u00a0 total y pasar el lunes 24 de agosto a fase 2 de transici\u00f3n, la oficina parroquial retomo la atenci\u00f3n al p\u00fablico los&hellip;<\/p>\n","protected":false},"author":1,"featured_media":3233,"comment_status":"closed","ping_status":"open","sticky":false,"template":"","format":"standard","meta":[],"categories":[6,5],"tags":[],"_links":{"self":[{"href":"https:\/\/obispadosanfelipe.cl\/2020\/wp-json\/wp\/v2\/posts\/3232"}],"collection":[{"href":"https:\/\/obispadosanfelipe.cl\/2020\/wp-json\/wp\/v2\/posts"}],"about":[{"href":"https:\/\/obispadosanfelipe.cl\/2020\/wp-json\/wp\/v2\/types\/post"}],"author":[{"embeddable":true,"href":"https:\/\/obispadosanfelipe.cl\/2020\/wp-json\/wp\/v2\/users\/1"}],"replies":[{"embeddable":true,"href":"https:\/\/obispadosanfelipe.cl\/2020\/wp-json\/wp\/v2\/comments?post=3232"}],"version-history":[{"count":0,"href":"https:\/\/obispadosanfelipe.cl\/2020\/wp-json\/wp\/v2\/posts\/3232\/revisions"}],"wp:featuredmedia":[{"embeddable":true,"href":"https:\/\/obispadosanfelipe.cl\/2020\/wp-json\/wp\/v2\/media\/3233"}],"wp:attachment":[{"href":"https:\/\/obispadosanfelipe.cl\/2020\/wp-json\/wp\/v2\/media?parent=3232"}],"wp:term":[{"taxonomy":"category","embeddable":true,"href":"https:\/\/obispadosanfelipe.cl\/2020\/wp-json\/wp\/v2\/categories?post=3232"},{"taxonomy":"post_tag","embeddable":true,"href":"https:\/\/obispadosanfelipe.cl\/2020\/wp-json\/wp\/v2\/tags?post=3232"}],"curies":[{"name":"wp","href":"https:\/\/api.w.org\/{rel}","templated":true}]}}