{"id":3270,"date":"2020-08-31T20:37:18","date_gmt":"2020-08-31T20:37:18","guid":{"rendered":"https:\/\/obispadosanfelipe.cl\/2020\/?p=3270"},"modified":"2020-08-31T22:38:37","modified_gmt":"2020-08-31T22:38:37","slug":"facultad-eclesiastica-de-teologia-impartira-tercera-version-del-diplomado-en-ciencias-para-la-familia","status":"publish","type":"post","link":"https:\/\/obispadosanfelipe.cl\/2020\/facultad-eclesiastica-de-teologia-impartira-tercera-version-del-diplomado-en-ciencias-para-la-familia\/","title":{"rendered":"Facultad Eclesi\u00e1stica de Teolog\u00eda impartir\u00e1 tercera versi\u00f3n del Diplomado en Ciencias para la Familia"},"content":{"rendered":"<p>El \u201cPrograma de Ciencias para la Familia\u201d de la Facultad Eclesi\u00e1stica de Teolog\u00eda de la Pontificia Universidad Cat\u00f3lica de Valpara\u00edso propone este programa de estudios con el prop\u00f3sito de reflexionar desde una perspectiva interdisciplinaria en torno a la instituci\u00f3n fundamental de la organizaci\u00f3n humana: la familia.<\/p>\n<p>El Diplomado en Ciencias para la Familia tiene como objetivo identificar los fundamentos interdisciplinarios de la instituci\u00f3n familiar, desde una perspectiva cristiana, en di\u00e1logo con el mundo, con el fin de comprender y colaborar en sus desaf\u00edos actuales.<\/p>\n<p>Un selecto equipo multidisciplinario de acad\u00e9micos abordar\u00e1 la familia desde diversas aproximaciones te\u00f3rico-pr\u00e1cticas (historia, antropolog\u00eda, sociolog\u00eda, bio\u00e9tica, sexualidad, educaci\u00f3n, medicina, teolog\u00eda, trabajo, derecho, medios de comunicaci\u00f3n, pol\u00edticas p\u00fablicas), para suscitar un di\u00e1logo en torno a esta instituci\u00f3n trascendental de la humanidad.<\/p>\n<p>Lidera y organiza este programa el Dr. Juan Pablo Fa\u00fandez Allier, Director del Programa de Ciencias para la Familia y Jefe de Programas Acad\u00e9micos de la Facultad Eclesi\u00e1stica de Teolog\u00eda de la Pontificia Universidad Cat\u00f3lica de Valpara\u00edso.<\/p>\n<p>El programa comenzar\u00e1 el 20 de octubre y finalizar\u00e1 el 10 de diciembre de 2020. Contempla sesiones todos los d\u00edas martes y jueves desde las 18.00 hasta las 21.15 hrs a trav\u00e9s de la plataforma Google Meet.<\/p>\n<p>Inscripciones y consultas escribir al correo: carolina.ponce.m@mail.pucv.cl<\/p>\n<p><strong>COMPARTIMOS PROGRAMA DEL DIPLOMADO: http:\/\/ow.ly\/BVWl50Bd9vy<\/strong><\/p>\n","protected":false},"excerpt":{"rendered":"<p>El \u201cPrograma de Ciencias para la Familia\u201d de la Facultad Eclesi\u00e1stica de Teolog\u00eda de la Pontificia Universidad Cat\u00f3lica de Valpara\u00edso propone este programa de estudios con el prop\u00f3sito de reflexionar&hellip;<\/p>\n","protected":false},"author":1,"featured_media":3271,"comment_status":"closed","ping_status":"open","sticky":false,"template":"","format":"standard","meta":[],"categories":[6,5],"tags":[],"_links":{"self":[{"href":"https:\/\/obispadosanfelipe.cl\/2020\/wp-json\/wp\/v2\/posts\/3270"}],"collection":[{"href":"https:\/\/obispadosanfelipe.cl\/2020\/wp-json\/wp\/v2\/posts"}],"about":[{"href":"https:\/\/obispadosanfelipe.cl\/2020\/wp-json\/wp\/v2\/types\/post"}],"author":[{"embeddable":true,"href":"https:\/\/obispadosanfelipe.cl\/2020\/wp-json\/wp\/v2\/users\/1"}],"replies":[{"embeddable":true,"href":"https:\/\/obispadosanfelipe.cl\/2020\/wp-json\/wp\/v2\/comments?post=3270"}],"version-history":[{"count":0,"href":"https:\/\/obispadosanfelipe.cl\/2020\/wp-json\/wp\/v2\/posts\/3270\/revisions"}],"wp:featuredmedia":[{"embeddable":true,"href":"https:\/\/obispadosanfelipe.cl\/2020\/wp-json\/wp\/v2\/media\/3271"}],"wp:attachment":[{"href":"https:\/\/obispadosanfelipe.cl\/2020\/wp-json\/wp\/v2\/media?parent=3270"}],"wp:term":[{"taxonomy":"category","embeddable":true,"href":"https:\/\/obispadosanfelipe.cl\/2020\/wp-json\/wp\/v2\/categories?post=3270"},{"taxonomy":"post_tag","embeddable":true,"href":"https:\/\/obispadosanfelipe.cl\/2020\/wp-json\/wp\/v2\/tags?post=3270"}],"curies":[{"name":"wp","href":"https:\/\/api.w.org\/{rel}","templated":true}]}}