{"id":3276,"date":"2020-09-01T11:15:08","date_gmt":"2020-09-01T11:15:08","guid":{"rendered":"https:\/\/obispadosanfelipe.cl\/2020\/?p=3276"},"modified":"2020-08-31T23:17:48","modified_gmt":"2020-08-31T23:17:48","slug":"septiembre-el-mes-de-la-biblia","status":"publish","type":"post","link":"https:\/\/obispadosanfelipe.cl\/2020\/septiembre-el-mes-de-la-biblia\/","title":{"rendered":"Septiembre, el mes de La Biblia"},"content":{"rendered":"<p>\u00bfPor qu\u00e9 septiembre es el mes dedicado a la celebraci\u00f3n de La Biblia? En este art\u00edculo respondemos a este interrogante, y queremos invitarte a que la lectura de la Palabra de Dios est\u00e9 presente en nuestra vida, d\u00eda a d\u00eda.<\/p>\n<p>Para nosotros septiembre es el mes de la Biblia porque el d\u00eda 30 de septiembre es el d\u00eda de San Jer\u00f3nimo, el hombre que dedic\u00f3 su vida al estudio y a la traducci\u00f3n de la Biblia al lat\u00edn.<\/p>\n<p><strong>San Jer\u00f3nico<\/strong> naci\u00f3 en Dalmacia, cerca del a\u00f1o 340 y muri\u00f3 en Bel\u00e9n el 30 de septiembre de 420. San Jer\u00f3nimo tradujo la Biblia del griego y el hebreo al lat\u00edn. La traducci\u00f3n al lat\u00edn de la Biblia hecha por San Jer\u00f3nimo, llamada la Vulgata (de vulgata editio, \u00abedici\u00f3n para el pueblo\u00bb), ha sido hasta la promulgaci\u00f3n de la Neovulgata en 1979, el texto b\u00edblico oficial de la Iglesia cat\u00f3lica romana.<\/p>\n<p><strong>Nueva evangelizaci\u00f3n<\/strong><\/p>\n<p>La Nueva Evangelizaci\u00f3n nos exige este conocimiento de la Palabra para afrontar los nuevos desaf\u00edos. En una realidad que cambia constantemente y es necesario sembrar en ella la semilla del Evangelio, para que el mensaje de Jes\u00fas llegue a ser comprensible, esperanzador y relevante para la vida del hombre y de la mujer de hoy.<\/p>\n<p>La intenci\u00f3n, es que, durante este mes, en todas las comunidades cristianas o grupos familiares, se desarrollen algunas actividades que nos permitan acercarnos mejor y con m\u00e1s provecho a la Palabra de Dios.<\/p>\n<p>La palabra de Dios se configura como alimento espiritual para la vida de todos. Los mensajes, par\u00e1bolas y vivencias contenidas en la B<strong>iblia nos permiten entender y comprender la gran obra de salvaci\u00f3n<\/strong>.<\/p>\n<p><strong>\u00bfQu\u00e9 dice el Catecismo?<\/strong><\/p>\n<p>La Biblia es alimento de la vida espiritual, y todos los cristianos deben tener un f\u00e1cil acceso a la Sagrada Escritura (Cat. 131). Es el alma de la teolog\u00eda, la predicaci\u00f3n y la catequesis (Cat. 132)<\/p>\n<p><strong>La Iglesia recomienda la lectura \u201casidua\u201d (frecuente, cotidiana) de la Sagrada Escritura. Desconocerla, es desconocer a Jes\u00fas. En cambio, quienes la disfrutan, adquieren la mente de Cristo<\/strong> (Cat. 133. Comp. 24).<\/p>\n<p>Esperemos que el Esp\u00edritu Santo haga que algunos de estos elementos nos toquen la mente y el coraz\u00f3n, y nos ayuden a acercarnos al libro m\u00e1s le\u00eddo en la historia de la humanidad, en el cual el Padre Celestial sale a dialogar con sus hijos (Cat. 103), y del que se conservan los manuscritos m\u00e1s cercanos al original. Y a trav\u00e9s de \u00e9l conocer, amar y seguir a Jes\u00fas, que es lo propio del cristiano.<\/p>\n<p><strong>Francisco y La Biblia<\/strong><\/p>\n<p>Francisco: \u00abNosotros los cristianos tenemos que tener un \u00fanico objetivo en nuestra vida de fe y es poner la Biblia en el centro de nuestra vida cristiana para que ella sea una br\u00fajula, pero tambi\u00e9n para que ella sea como la primavera de nuestra vida espiritual, para que ella sea la que nos indique el camino a seguir, pero sobre todo porque como dec\u00eda San Jer\u00f3nimo: quien desconoce la escritura desconoce la persona de Jes\u00fas\u00bb.<\/p>\n<p>&nbsp;<\/p>\n<p>Fuente: Oficina de Comunicaciones<\/p>\n","protected":false},"excerpt":{"rendered":"<p>\u00bfPor qu\u00e9 septiembre es el mes dedicado a la celebraci\u00f3n de La Biblia? En este art\u00edculo respondemos a este interrogante, y queremos invitarte a que la lectura de la Palabra&hellip;<\/p>\n","protected":false},"author":1,"featured_media":3277,"comment_status":"closed","ping_status":"open","sticky":false,"template":"","format":"standard","meta":[],"categories":[6,5],"tags":[],"_links":{"self":[{"href":"https:\/\/obispadosanfelipe.cl\/2020\/wp-json\/wp\/v2\/posts\/3276"}],"collection":[{"href":"https:\/\/obispadosanfelipe.cl\/2020\/wp-json\/wp\/v2\/posts"}],"about":[{"href":"https:\/\/obispadosanfelipe.cl\/2020\/wp-json\/wp\/v2\/types\/post"}],"author":[{"embeddable":true,"href":"https:\/\/obispadosanfelipe.cl\/2020\/wp-json\/wp\/v2\/users\/1"}],"replies":[{"embeddable":true,"href":"https:\/\/obispadosanfelipe.cl\/2020\/wp-json\/wp\/v2\/comments?post=3276"}],"version-history":[{"count":0,"href":"https:\/\/obispadosanfelipe.cl\/2020\/wp-json\/wp\/v2\/posts\/3276\/revisions"}],"wp:featuredmedia":[{"embeddable":true,"href":"https:\/\/obispadosanfelipe.cl\/2020\/wp-json\/wp\/v2\/media\/3277"}],"wp:attachment":[{"href":"https:\/\/obispadosanfelipe.cl\/2020\/wp-json\/wp\/v2\/media?parent=3276"}],"wp:term":[{"taxonomy":"category","embeddable":true,"href":"https:\/\/obispadosanfelipe.cl\/2020\/wp-json\/wp\/v2\/categories?post=3276"},{"taxonomy":"post_tag","embeddable":true,"href":"https:\/\/obispadosanfelipe.cl\/2020\/wp-json\/wp\/v2\/tags?post=3276"}],"curies":[{"name":"wp","href":"https:\/\/api.w.org\/{rel}","templated":true}]}}