{"id":3327,"date":"2020-09-05T01:45:13","date_gmt":"2020-09-05T01:45:13","guid":{"rendered":"https:\/\/obispadosanfelipe.cl\/2020\/?p=3327"},"modified":"2020-09-05T01:45:13","modified_gmt":"2020-09-05T01:45:13","slug":"parroquia-la-merced-de-petorca-y-ppf-sendero-del-inca-concluyen-concurso-pinto-mis-derechos","status":"publish","type":"post","link":"https:\/\/obispadosanfelipe.cl\/2020\/parroquia-la-merced-de-petorca-y-ppf-sendero-del-inca-concluyen-concurso-pinto-mis-derechos\/","title":{"rendered":"Parroquia La Merced de Petorca y PPF Sendero del Inca concluyen concurso \u00abPinto mis derechos\u00bb"},"content":{"rendered":"<p><img loading=\"lazy\" class=\"size-medium wp-image-3330 alignright\" src=\"https:\/\/obispadosanfelipe.cl\/2020\/wp-content\/uploads\/2020\/09\/6505-3-225x300.jpg\" alt=\"\" width=\"225\" height=\"300\" srcset=\"https:\/\/obispadosanfelipe.cl\/2020\/wp-content\/uploads\/2020\/09\/6505-3-225x300.jpg 225w, https:\/\/obispadosanfelipe.cl\/2020\/wp-content\/uploads\/2020\/09\/6505-3.jpg 720w\" sizes=\"(max-width: 225px) 100vw, 225px\" \/>En el marco de la actual pandemia y con el objetivo de incentivar la creatividad de los ni\u00f1os y su imaginaci\u00f3n, se lanz\u00f3 en el mes de junio, el concurso Pinto Mis Derechos, donde participaron m\u00e1s de 100 ni\u00f1os, ni\u00f1as y adolescentes con sus creaciones art\u00edsticas.<\/p>\n<p>El d\u00eda 31 de agosto el padre Ernesto Albornoz en compa\u00f1\u00eda del equipo entreg\u00f3 el computador y el tablet a los ganadores del concurso, adem\u00e1s entreg\u00f3 una biblia de regalo a cada uno de los ni\u00f1os, ni\u00f1as y adolescentes que participaron.<\/p>\n<p>&nbsp;<\/p>\n<p>Fuente: Patricio Tapia, director PPF Sendero del Inca, Petorca<\/p>\n","protected":false},"excerpt":{"rendered":"<p>En el marco de la actual pandemia y con el objetivo de incentivar la creatividad de los ni\u00f1os y su imaginaci\u00f3n, se lanz\u00f3 en el mes de junio, el concurso&hellip;<\/p>\n","protected":false},"author":1,"featured_media":3336,"comment_status":"closed","ping_status":"open","sticky":false,"template":"","format":"standard","meta":[],"categories":[6,5],"tags":[],"_links":{"self":[{"href":"https:\/\/obispadosanfelipe.cl\/2020\/wp-json\/wp\/v2\/posts\/3327"}],"collection":[{"href":"https:\/\/obispadosanfelipe.cl\/2020\/wp-json\/wp\/v2\/posts"}],"about":[{"href":"https:\/\/obispadosanfelipe.cl\/2020\/wp-json\/wp\/v2\/types\/post"}],"author":[{"embeddable":true,"href":"https:\/\/obispadosanfelipe.cl\/2020\/wp-json\/wp\/v2\/users\/1"}],"replies":[{"embeddable":true,"href":"https:\/\/obispadosanfelipe.cl\/2020\/wp-json\/wp\/v2\/comments?post=3327"}],"version-history":[{"count":0,"href":"https:\/\/obispadosanfelipe.cl\/2020\/wp-json\/wp\/v2\/posts\/3327\/revisions"}],"wp:featuredmedia":[{"embeddable":true,"href":"https:\/\/obispadosanfelipe.cl\/2020\/wp-json\/wp\/v2\/media\/3336"}],"wp:attachment":[{"href":"https:\/\/obispadosanfelipe.cl\/2020\/wp-json\/wp\/v2\/media?parent=3327"}],"wp:term":[{"taxonomy":"category","embeddable":true,"href":"https:\/\/obispadosanfelipe.cl\/2020\/wp-json\/wp\/v2\/categories?post=3327"},{"taxonomy":"post_tag","embeddable":true,"href":"https:\/\/obispadosanfelipe.cl\/2020\/wp-json\/wp\/v2\/tags?post=3327"}],"curies":[{"name":"wp","href":"https:\/\/api.w.org\/{rel}","templated":true}]}}