{"id":3399,"date":"2020-09-07T08:07:29","date_gmt":"2020-09-07T08:07:29","guid":{"rendered":"https:\/\/obispadosanfelipe.cl\/2020\/?p=3399"},"modified":"2020-09-07T01:11:16","modified_gmt":"2020-09-07T01:11:16","slug":"haciendo-parroquia-programa-online-de-la-parroquia-ntra-de-la-merced-de-san-felipe","status":"publish","type":"post","link":"https:\/\/obispadosanfelipe.cl\/2020\/haciendo-parroquia-programa-online-de-la-parroquia-ntra-de-la-merced-de-san-felipe\/","title":{"rendered":"\u00abHaciendo Parroquia\u00bb, programa online de la Parroquia Ntra. de La Merced de San Felipe"},"content":{"rendered":"<p>El programa <strong>HACIENDO PARROQUIA<\/strong> es un espacio pastoral que nace a la luz de las necesidades de este tiempo de crisis sanitaria. Quer\u00edamos vivir de una forma distinta nuestra experiencia de fe en la parroquia. Cada fin de semana nos encontramos en sus salones para las distintas actividades pastorales, celebrar la eucarist\u00eda, orar y celebrar con los amigos etc. Entonces hicimos algunas experiencias piloto que funcionaron con muy buena acogida de los agentes pastorales. <strong>El objetivo de nuestro programa es acompa\u00f1ar a los hermanos a trav\u00e9s de un encuentro pastoral, de oraci\u00f3n, formaci\u00f3n y reflexi\u00f3n<\/strong> a trav\u00e9s del perfil de Facebook de la Parroquia de la Merced, para mantener viva la llama del quehacer parroquial.<\/p>\n<p>Conduce el programa Pablo \u00c1vila, Psic\u00f3logo y Vice presidente de la asociaci\u00f3n Familia Inclusiva.<br \/>\nAcompa\u00f1ado de un panel de hermanos en la fe y agentes pastorales de la Familia Mercedaria.<br \/>\n\uf02d Ana Mar\u00eda Reyes. Profesora de Religi\u00f3n y coordinadora de la Pastoral del Colegio Pumanque.<br \/>\n\uf02d Carolina Mart\u00ednez. Profesora de Historia y Cs. Sociales y coordinadora de la pastoral del Instituto Abd\u00f3n Cifuentes.<br \/>\n\uf02d Ricardo Ram\u00edrez. Profesor de Filosof\u00eda y coordinador de la academia de Lideres Cat\u00f3licos de la Di\u00f3cesis de San Felipe.<br \/>\n\uf02d Fray Alfredo Guzm\u00e1n. Sacerdote de la comunidad Mercedaria de Valpara\u00edso.<br \/>\n\uf02d \u00c1ngel Guti\u00e9rrez Profesor de Religi\u00f3n y Coordinador de Pastoral del Colegio San Pedro Nolasco de Vitacura.<br \/>\n\uf02d Nelson Mu\u00f1oz. Psic\u00f3logo y coordinador de la Pastoral del Colegio Santa Mar\u00eda de Aconcagua de Santa Mar\u00eda.<\/p>\n<p>Tenemos en com\u00fan el haber sido formados en la Parroquia de la Merced, es ah\u00ed donde hicimos nuestras familias y determinamos nuestra vocaci\u00f3n. Nos llena de alegr\u00eda saber que podemos aportar un grano de arena a la construcci\u00f3n del Reino, poniendo siempre en el centro de nuestro programa a Cristo Redentor. \u00c9l quien es el modelo de todo Mercedario conduce este programa para ir llevando alegr\u00eda a aquellos hermanos en peligro de perder su fe a causa de esta pandemia. Encomendamos a Mar\u00eda Nuestra Madre de la Merced esta iniciativa pastoral HACIENDO PARROQUIA.<\/p>\n<p>Fuente: HACIENDO PARROQUIA<\/p>\n","protected":false},"excerpt":{"rendered":"<p>El programa HACIENDO PARROQUIA es un espacio pastoral que nace a la luz de las necesidades de este tiempo de crisis sanitaria. Quer\u00edamos vivir de una forma distinta nuestra experiencia&hellip;<\/p>\n","protected":false},"author":1,"featured_media":3400,"comment_status":"closed","ping_status":"open","sticky":false,"template":"","format":"standard","meta":[],"categories":[6,5],"tags":[],"_links":{"self":[{"href":"https:\/\/obispadosanfelipe.cl\/2020\/wp-json\/wp\/v2\/posts\/3399"}],"collection":[{"href":"https:\/\/obispadosanfelipe.cl\/2020\/wp-json\/wp\/v2\/posts"}],"about":[{"href":"https:\/\/obispadosanfelipe.cl\/2020\/wp-json\/wp\/v2\/types\/post"}],"author":[{"embeddable":true,"href":"https:\/\/obispadosanfelipe.cl\/2020\/wp-json\/wp\/v2\/users\/1"}],"replies":[{"embeddable":true,"href":"https:\/\/obispadosanfelipe.cl\/2020\/wp-json\/wp\/v2\/comments?post=3399"}],"version-history":[{"count":0,"href":"https:\/\/obispadosanfelipe.cl\/2020\/wp-json\/wp\/v2\/posts\/3399\/revisions"}],"wp:featuredmedia":[{"embeddable":true,"href":"https:\/\/obispadosanfelipe.cl\/2020\/wp-json\/wp\/v2\/media\/3400"}],"wp:attachment":[{"href":"https:\/\/obispadosanfelipe.cl\/2020\/wp-json\/wp\/v2\/media?parent=3399"}],"wp:term":[{"taxonomy":"category","embeddable":true,"href":"https:\/\/obispadosanfelipe.cl\/2020\/wp-json\/wp\/v2\/categories?post=3399"},{"taxonomy":"post_tag","embeddable":true,"href":"https:\/\/obispadosanfelipe.cl\/2020\/wp-json\/wp\/v2\/tags?post=3399"}],"curies":[{"name":"wp","href":"https:\/\/api.w.org\/{rel}","templated":true}]}}