{"id":3402,"date":"2020-09-07T09:17:11","date_gmt":"2020-09-07T09:17:11","guid":{"rendered":"https:\/\/obispadosanfelipe.cl\/2020\/?p=3402"},"modified":"2020-09-07T01:21:20","modified_gmt":"2020-09-07T01:21:20","slug":"pastoral-juvenil-de-san-felipe-se-reune-con-obispo-diocesano","status":"publish","type":"post","link":"https:\/\/obispadosanfelipe.cl\/2020\/pastoral-juvenil-de-san-felipe-se-reune-con-obispo-diocesano\/","title":{"rendered":"Pastoral Juvenil de San Felipe se re\u00fane con Obispo Diocesano"},"content":{"rendered":"<p>En un\u00a0 encuentro virtual realizado v\u00eda zoom el pasado viernes 04 de septiembre el equipo diocesano de la Pastoral Juvenil de la Di\u00f3cesis, tuvo un encuentro con el Padre Gonzalo Bravo \u00c1lvarez, obispo de San Felipe.<\/p>\n<p>Ignacia, integrantes del equipo al ser consultada sobre este encuentro expres\u00f3: \u201c<em>Removidos por el Esp\u00edritu y animados a la esperanza. Queremos ser Iglesia joven que acompa\u00f1e y participe junto a otros el camino de la Evangelizaci\u00f3n. Felices por el Encuentro con el nuestro Obispo Gonzalo. Con una esperanza de seguir caminando desde cada realidad uniendo fuerzas y jug\u00e1ndosela por el Reino. Nuevos proyectos y nuevas realidades.\u00a0 Con una mirada positiva y esperando una pastoral activa , aprendiendo a convivir despu\u00e9s de esta pandemia que nos ha tocado a cada uno como j\u00f3venes cristianos, a la espera de poder volver a reunirnos y ser mensajeros de Jes\u00fas a quienes m\u00e1s lo necesiten. Pr\u00f3ximamente seguiremos reuni\u00e9ndonos con nuestro Obispo para seguir proyectando y formando una renovada pastoral juvenil en nuestra Di\u00f3cesis<\/em>\u201d.<\/p>\n<p>&nbsp;<\/p>\n<p>Fuente: Oficina de Comunicaciones.<\/p>\n","protected":false},"excerpt":{"rendered":"<p>En un\u00a0 encuentro virtual realizado v\u00eda zoom el pasado viernes 04 de septiembre el equipo diocesano de la Pastoral Juvenil de la Di\u00f3cesis, tuvo un encuentro con el Padre Gonzalo&hellip;<\/p>\n","protected":false},"author":1,"featured_media":3403,"comment_status":"closed","ping_status":"open","sticky":false,"template":"","format":"standard","meta":[],"categories":[6,5],"tags":[],"_links":{"self":[{"href":"https:\/\/obispadosanfelipe.cl\/2020\/wp-json\/wp\/v2\/posts\/3402"}],"collection":[{"href":"https:\/\/obispadosanfelipe.cl\/2020\/wp-json\/wp\/v2\/posts"}],"about":[{"href":"https:\/\/obispadosanfelipe.cl\/2020\/wp-json\/wp\/v2\/types\/post"}],"author":[{"embeddable":true,"href":"https:\/\/obispadosanfelipe.cl\/2020\/wp-json\/wp\/v2\/users\/1"}],"replies":[{"embeddable":true,"href":"https:\/\/obispadosanfelipe.cl\/2020\/wp-json\/wp\/v2\/comments?post=3402"}],"version-history":[{"count":0,"href":"https:\/\/obispadosanfelipe.cl\/2020\/wp-json\/wp\/v2\/posts\/3402\/revisions"}],"wp:featuredmedia":[{"embeddable":true,"href":"https:\/\/obispadosanfelipe.cl\/2020\/wp-json\/wp\/v2\/media\/3403"}],"wp:attachment":[{"href":"https:\/\/obispadosanfelipe.cl\/2020\/wp-json\/wp\/v2\/media?parent=3402"}],"wp:term":[{"taxonomy":"category","embeddable":true,"href":"https:\/\/obispadosanfelipe.cl\/2020\/wp-json\/wp\/v2\/categories?post=3402"},{"taxonomy":"post_tag","embeddable":true,"href":"https:\/\/obispadosanfelipe.cl\/2020\/wp-json\/wp\/v2\/tags?post=3402"}],"curies":[{"name":"wp","href":"https:\/\/api.w.org\/{rel}","templated":true}]}}