{"id":3411,"date":"2020-09-09T01:41:00","date_gmt":"2020-09-09T01:41:00","guid":{"rendered":"https:\/\/obispadosanfelipe.cl\/2020\/?p=3411"},"modified":"2020-09-09T01:41:20","modified_gmt":"2020-09-09T01:41:20","slug":"en-gruta-del-buen-pastor-de-san-felipe-se-celebro-jornada-nacional-del-migrante","status":"publish","type":"post","link":"https:\/\/obispadosanfelipe.cl\/2020\/en-gruta-del-buen-pastor-de-san-felipe-se-celebro-jornada-nacional-del-migrante\/","title":{"rendered":"En Gruta del Buen Pastor de San Felipe se celebr\u00f3 Jornada Nacional del migrante"},"content":{"rendered":"<p>El pasado domingo 06 de septiembre la Iglesia chilena invit\u00f3 a celebrar la Jornada Nacional de los Migrantes, ocasi\u00f3n en la cual la Pastoral de Migrantes se dio cita en la gruta del Buen Pastor de San Felipe, en esta ocasi\u00f3n la celebraci\u00f3n fue presidida por Padre Gonzalo Bravo, Obispo diocesano junto a migrantes de diferentes nacionalidades.<\/p>\n<p>Esta Eucarist\u00eda tiene como fin integrar la chilenidad con la riqueza de la migraci\u00f3n, en acci\u00f3n de gracias a Dios por los migrantes y refugiados y sus familias, quienes con su trabajo ayudan a construir este pa\u00eds y son testimonio de Evangelizaci\u00f3n con su fe y esperanza.<\/p>\n<p>Adem\u00e1s en la eucarist\u00eda se or\u00f3 por los profesionales de la salud y de aquellos que desde distintos servicios que atienden a los enfermos y por quienes requieren de m\u00e1s ayuda, nuestros adultos mayores y tambi\u00e9n los migrantes, pues en muchos lugares, ellos han sido los primeros en perder sus empleos y en quedar en situaci\u00f3n de desprotecci\u00f3n y excluidos de las pol\u00edticas sociales.<\/p>\n<p>&nbsp;<\/p>\n<p>Fuente: Oficina de Comunicaciones<\/p>\n","protected":false},"excerpt":{"rendered":"<p>El pasado domingo 06 de septiembre la Iglesia chilena invit\u00f3 a celebrar la Jornada Nacional de los Migrantes, ocasi\u00f3n en la cual la Pastoral de Migrantes se dio cita en&hellip;<\/p>\n","protected":false},"author":1,"featured_media":3412,"comment_status":"closed","ping_status":"open","sticky":false,"template":"","format":"standard","meta":[],"categories":[6,5],"tags":[],"_links":{"self":[{"href":"https:\/\/obispadosanfelipe.cl\/2020\/wp-json\/wp\/v2\/posts\/3411"}],"collection":[{"href":"https:\/\/obispadosanfelipe.cl\/2020\/wp-json\/wp\/v2\/posts"}],"about":[{"href":"https:\/\/obispadosanfelipe.cl\/2020\/wp-json\/wp\/v2\/types\/post"}],"author":[{"embeddable":true,"href":"https:\/\/obispadosanfelipe.cl\/2020\/wp-json\/wp\/v2\/users\/1"}],"replies":[{"embeddable":true,"href":"https:\/\/obispadosanfelipe.cl\/2020\/wp-json\/wp\/v2\/comments?post=3411"}],"version-history":[{"count":0,"href":"https:\/\/obispadosanfelipe.cl\/2020\/wp-json\/wp\/v2\/posts\/3411\/revisions"}],"wp:featuredmedia":[{"embeddable":true,"href":"https:\/\/obispadosanfelipe.cl\/2020\/wp-json\/wp\/v2\/media\/3412"}],"wp:attachment":[{"href":"https:\/\/obispadosanfelipe.cl\/2020\/wp-json\/wp\/v2\/media?parent=3411"}],"wp:term":[{"taxonomy":"category","embeddable":true,"href":"https:\/\/obispadosanfelipe.cl\/2020\/wp-json\/wp\/v2\/categories?post=3411"},{"taxonomy":"post_tag","embeddable":true,"href":"https:\/\/obispadosanfelipe.cl\/2020\/wp-json\/wp\/v2\/tags?post=3411"}],"curies":[{"name":"wp","href":"https:\/\/api.w.org\/{rel}","templated":true}]}}