{"id":3415,"date":"2020-09-09T02:18:51","date_gmt":"2020-09-09T02:18:51","guid":{"rendered":"https:\/\/obispadosanfelipe.cl\/2020\/?p=3415"},"modified":"2020-09-09T02:18:51","modified_gmt":"2020-09-09T02:18:51","slug":"comedor-solidario-entrega-mas-de-110-de-almuerzos-diarios-a-adultos-mayores-y-familias-de-putaendo","status":"publish","type":"post","link":"https:\/\/obispadosanfelipe.cl\/2020\/comedor-solidario-entrega-mas-de-110-de-almuerzos-diarios-a-adultos-mayores-y-familias-de-putaendo\/","title":{"rendered":"Comedor solidario entrega m\u00e1s de 110 de almuerzos diarios a adultos mayores y familias de Putaendo"},"content":{"rendered":"<p><img loading=\"lazy\" class=\"size-medium wp-image-3417 alignright\" src=\"https:\/\/obispadosanfelipe.cl\/2020\/wp-content\/uploads\/2020\/09\/DSC_4664-300x200.jpg\" alt=\"\" width=\"300\" height=\"200\" srcset=\"https:\/\/obispadosanfelipe.cl\/2020\/wp-content\/uploads\/2020\/09\/DSC_4664-300x200.jpg 300w, https:\/\/obispadosanfelipe.cl\/2020\/wp-content\/uploads\/2020\/09\/DSC_4664-768x512.jpg 768w, https:\/\/obispadosanfelipe.cl\/2020\/wp-content\/uploads\/2020\/09\/DSC_4664.jpg 1024w\" sizes=\"(max-width: 300px) 100vw, 300px\" \/>La hermosa iniciativa es realizada en alianza de servicio entre la Parroquia San Antonio de Padua y la Municipalidad, que desde los primeros d\u00edas del mes de junio han entregado almuerzo de lunes a viernes, con despachos directos en la parroquia pero tambi\u00e9n se realiza \u00abdelivery\u00bb a adultos mayores de Putaendo Centro, Las Coimas, Rinconada de Silva, El T\u00e1rtaro, Guzmanes, Lo Vicu\u00f1a, Sahond\u00e9 y Granallas.<\/p>\n<p>En conversaci\u00f3n con Fernando Irarr\u00e1zaval Ch\u00e1vez, quien es el motor de la cocina del comedor solidario, nos cont\u00f3 sobre su experiencia y testimonio de solidaridad, quien d\u00eda a d\u00eda llega hasta la parroquia San Antonio de Padua de Putaendo para cocinar para las familias putaendinas que m\u00e1s necesitan de esta ayuda.<\/p>\n<p>Don Fernando nos habla que trabajar en este comedor es motivo de orgullo y alegr\u00eda, porque estas ganas de servir nacen del mensaje de Dios que nos invita ayudar a nuestros hermanos, \u201c<em>y adem\u00e1s poder ser \u00fatil a la sociedad, en la tarea que todos tenemos hoy porque sabemos que hay muchas personas que tienen necesidad de alimentos y de apoy<\/em>o\u201d.<\/p>\n<p>Consultado el Padre Vicente Montenegro sobre este iniciativa manifest\u00f3: \u201c<em>es fundamental destacar la generosidad de la gente, quienes han sido muy solidarias en traer cosas para el comedor, y considerando la situaci\u00f3n de pandemia, que nos significa que debemos velar por quienes est\u00e1n en la cocina, el municipio se encarga de repartir la comida seg\u00fan el catastro que han realizado para entregar esta ayuda social. Esta tarea se realiza en la parroquia desde muchos a\u00f1os, sin embargo, gracias a esta alianza con el municipio se ha podido triplicar el n\u00famero de beneficiaros, y de esta manera lograr plasmar \u00a0mandato del Evangelio<\/em>\u201d, finaliz\u00f3 el padre Vicente.<\/p>\n<p>&nbsp;<\/p>\n<p>Fuente: \u00a0Oficina de Comunicaciones<\/p>\n","protected":false},"excerpt":{"rendered":"<p>La hermosa iniciativa es realizada en alianza de servicio entre la Parroquia San Antonio de Padua y la Municipalidad, que desde los primeros d\u00edas del mes de junio han entregado&hellip;<\/p>\n","protected":false},"author":1,"featured_media":3416,"comment_status":"closed","ping_status":"open","sticky":false,"template":"","format":"standard","meta":[],"categories":[6,5],"tags":[],"_links":{"self":[{"href":"https:\/\/obispadosanfelipe.cl\/2020\/wp-json\/wp\/v2\/posts\/3415"}],"collection":[{"href":"https:\/\/obispadosanfelipe.cl\/2020\/wp-json\/wp\/v2\/posts"}],"about":[{"href":"https:\/\/obispadosanfelipe.cl\/2020\/wp-json\/wp\/v2\/types\/post"}],"author":[{"embeddable":true,"href":"https:\/\/obispadosanfelipe.cl\/2020\/wp-json\/wp\/v2\/users\/1"}],"replies":[{"embeddable":true,"href":"https:\/\/obispadosanfelipe.cl\/2020\/wp-json\/wp\/v2\/comments?post=3415"}],"version-history":[{"count":0,"href":"https:\/\/obispadosanfelipe.cl\/2020\/wp-json\/wp\/v2\/posts\/3415\/revisions"}],"wp:featuredmedia":[{"embeddable":true,"href":"https:\/\/obispadosanfelipe.cl\/2020\/wp-json\/wp\/v2\/media\/3416"}],"wp:attachment":[{"href":"https:\/\/obispadosanfelipe.cl\/2020\/wp-json\/wp\/v2\/media?parent=3415"}],"wp:term":[{"taxonomy":"category","embeddable":true,"href":"https:\/\/obispadosanfelipe.cl\/2020\/wp-json\/wp\/v2\/categories?post=3415"},{"taxonomy":"post_tag","embeddable":true,"href":"https:\/\/obispadosanfelipe.cl\/2020\/wp-json\/wp\/v2\/tags?post=3415"}],"curies":[{"name":"wp","href":"https:\/\/api.w.org\/{rel}","templated":true}]}}