{"id":3419,"date":"2020-09-09T23:37:02","date_gmt":"2020-09-09T23:37:02","guid":{"rendered":"https:\/\/obispadosanfelipe.cl\/2020\/?p=3419"},"modified":"2020-09-09T23:37:02","modified_gmt":"2020-09-09T23:37:02","slug":"padre-antonio-la-gente-me-ha-ensenado-a-ser-pastor","status":"publish","type":"post","link":"https:\/\/obispadosanfelipe.cl\/2020\/padre-antonio-la-gente-me-ha-ensenado-a-ser-pastor\/","title":{"rendered":"Padre Antonio \u201cLa gente me ha ense\u00f1ado a ser pastor\u201d"},"content":{"rendered":"<p>En una extensa entrevista realizada al Padre Antonio Albornoz, p\u00e1rroco de Ntra. Sra. de la Merced de la comuna de Petorca, habl\u00f3 sobre diferentes temas y del intenso servicio pastoral que realiza en dicha localidad, que\u00a0 abarca diferentes \u00e1mbitos desde la educaci\u00f3n, los medios de comunicaci\u00f3n social y su opini\u00f3n sobre la crisis que vive que la Iglesia.<\/p>\n<p>El Padre Antonio lleg\u00f3 a nuestra di\u00f3cesis en el a\u00f1o 1999, y fue recibido por Mons. Camilo Vial, Obispo Em\u00e9rito, su formaci\u00f3n la realiz\u00f3 con los Padres Mercedarios. Su primer servicio pastoral fue en la Parroquia Santa Rosa de Los Andes, como capell\u00e1n del Hospital San Juan de Dios.<\/p>\n<p><strong>Padre Antonio, \u00bfQu\u00e9 mensaje le dar\u00eda a la gente en este tiempo de pandemia?.<\/strong> En primer lugar repito el mensaje de la autoridad sanitaria desde que comenz\u00f3 esta pandemia, que esto es en serio y est\u00e1 cada vez peor, por ello hago un llamado a la comunidad a cuidarse y ser prudentes.<\/p>\n<p><strong>\u00bfC\u00f3mo cree que vamos a salir de esto?<\/strong> Creo que este ha sido un periodo de reflexi\u00f3n, incluso ha significado mirar la forma en que celebramos la eucarist\u00eda. Los medios de comunicaci\u00f3n social nos han ayudado mucho para llegar hasta los hogares por medio de la televisi\u00f3n, la radio y redes sociales, por lo tanto hemos aprendido a rezar a distancia a mantenernos conectados.<\/p>\n<p><strong>\u00bfC\u00f3mo ha sido su experiencia pastoral en Petorca?<\/strong> , ha sido una experiencia maravillosa, he tenido<\/p>\n<p><img loading=\"lazy\" class=\"size-medium wp-image-3421 alignright\" src=\"https:\/\/obispadosanfelipe.cl\/2020\/wp-content\/uploads\/2020\/09\/71321582_507078716523217_4703793670854279168_n-300x169.jpg\" alt=\"\" width=\"300\" height=\"169\" srcset=\"https:\/\/obispadosanfelipe.cl\/2020\/wp-content\/uploads\/2020\/09\/71321582_507078716523217_4703793670854279168_n-300x169.jpg 300w, https:\/\/obispadosanfelipe.cl\/2020\/wp-content\/uploads\/2020\/09\/71321582_507078716523217_4703793670854279168_n-768x432.jpg 768w, https:\/\/obispadosanfelipe.cl\/2020\/wp-content\/uploads\/2020\/09\/71321582_507078716523217_4703793670854279168_n.jpg 960w\" sizes=\"(max-width: 300px) 100vw, 300px\" \/><\/p>\n<p>una excelente relaci\u00f3n con la gente, tambi\u00e9n hemos tenido conflictos, y problemas, todas las situaciones \u00a0me han servido para reflexionar de mi servicio, de mi vocaci\u00f3n sacerdotal y especialmente me han ayudado a comprender que la gente me ha ense\u00f1ado a ser pastor.<\/p>\n<p>Se lo importante de generar equipos de trabajo, ya que a nivel educacional nuestro colegio ha obtenido la excelencia acad\u00e9mica por varios a\u00f1os, siendo el \u00fanico establecimiento de la provincia que lo ha logrado. Nada de esto hubiera sido posible sin el apoyo y el trabajo realizado por el equipo docente, el compromiso de los padres y apoderados, para ser una escuela de excelencia.<\/p>\n<p><strong>\u00bfC\u00f3mo se est\u00e1n preparando la comunidad para festejar la fiesta de la Virgen de la Merced en Petorca este a\u00f1o? <\/strong>La Virgen har\u00e1 su recorrido en una camioneta por calles de la ciudad, acompa\u00f1ada de veh\u00edculos que se sumen, le hemos pedido\u00a0 a la comunidad que arreglen el frontis de las casas, para honrar a la Madre de Dios. Ella se detendr\u00e1 en cuatro altares solamente: La sede de la Chimba, el hospital, el Llano y la c\u00e1rcel. La devoci\u00f3n de la Virgen est\u00e1 en la gente y es una de las fiestas m\u00e1s lindas que tenemos. En nuestra di\u00f3cesis tenemos que dar \u00a0gracias a Dios que el decanato de Petorca hay una devoci\u00f3n muy grande a la Virgen, porque la gente ha entendido que el camino m\u00e1s corto para llegar a Dios, es Mar\u00eda. \u00a0Gracias a Dios que tenemos a la Virgen y a trav\u00e9s de ella \u00a0estamos recuperando la confianza a la gente.<\/p>\n<p><img loading=\"lazy\" class=\"size-medium wp-image-3422 alignleft\" src=\"https:\/\/obispadosanfelipe.cl\/2020\/wp-content\/uploads\/2020\/09\/48336098_362534317644325_1857231995814281216_n-300x225.jpg\" alt=\"\" width=\"300\" height=\"225\" srcset=\"https:\/\/obispadosanfelipe.cl\/2020\/wp-content\/uploads\/2020\/09\/48336098_362534317644325_1857231995814281216_n-300x225.jpg 300w, https:\/\/obispadosanfelipe.cl\/2020\/wp-content\/uploads\/2020\/09\/48336098_362534317644325_1857231995814281216_n-768x576.jpg 768w, https:\/\/obispadosanfelipe.cl\/2020\/wp-content\/uploads\/2020\/09\/48336098_362534317644325_1857231995814281216_n.jpg 960w\" sizes=\"(max-width: 300px) 100vw, 300px\" \/><\/p>\n<p><strong>\u00bfQu\u00e9 mensaje le entregar\u00eda a los j\u00f3venes de hoy?<\/strong> Ellos nos han enrostrado en la cara todos nuestros errores, equivocaciones y delitos, adem\u00e1s han visto nuestras inconsistencias y nuestra falta de testimonio. En el colegio tengo 580 alumnos y cuando me detengo hablar con ellos, me comentan todas estas cosas. Adem\u00e1s que no se sienten acompa\u00f1ados y que nadie entiende sus problemas. En la sociedad actual se busca evitar el peso de la conciencia, entonces se escucha m\u00fasica fuerte, \u00a0siempre estamos con todas las luces encendidas, por miedo a que la oscuridad nos haga reflexionar, por miedo a encontrarnos con nosotros mismos. Por ello el mejor mensaje que le podemos dar es nuestro testimonio e invitarlos a leer la Biblia. Nosotros como colegio cada a\u00f1o cuando un joven egresa de cuarto medio le regalamos una biblia, un rosario y el escudo mercedario.<\/p>\n<p>&nbsp;<\/p>\n<p>Fuente: Oficina de Comunicaciones<\/p>\n<p>&nbsp;<\/p>\n","protected":false},"excerpt":{"rendered":"<p>En una extensa entrevista realizada al Padre Antonio Albornoz, p\u00e1rroco de Ntra. Sra. de la Merced de la comuna de Petorca, habl\u00f3 sobre diferentes temas y del intenso servicio pastoral&hellip;<\/p>\n","protected":false},"author":1,"featured_media":3420,"comment_status":"closed","ping_status":"open","sticky":false,"template":"","format":"standard","meta":[],"categories":[6,5],"tags":[],"_links":{"self":[{"href":"https:\/\/obispadosanfelipe.cl\/2020\/wp-json\/wp\/v2\/posts\/3419"}],"collection":[{"href":"https:\/\/obispadosanfelipe.cl\/2020\/wp-json\/wp\/v2\/posts"}],"about":[{"href":"https:\/\/obispadosanfelipe.cl\/2020\/wp-json\/wp\/v2\/types\/post"}],"author":[{"embeddable":true,"href":"https:\/\/obispadosanfelipe.cl\/2020\/wp-json\/wp\/v2\/users\/1"}],"replies":[{"embeddable":true,"href":"https:\/\/obispadosanfelipe.cl\/2020\/wp-json\/wp\/v2\/comments?post=3419"}],"version-history":[{"count":0,"href":"https:\/\/obispadosanfelipe.cl\/2020\/wp-json\/wp\/v2\/posts\/3419\/revisions"}],"wp:featuredmedia":[{"embeddable":true,"href":"https:\/\/obispadosanfelipe.cl\/2020\/wp-json\/wp\/v2\/media\/3420"}],"wp:attachment":[{"href":"https:\/\/obispadosanfelipe.cl\/2020\/wp-json\/wp\/v2\/media?parent=3419"}],"wp:term":[{"taxonomy":"category","embeddable":true,"href":"https:\/\/obispadosanfelipe.cl\/2020\/wp-json\/wp\/v2\/categories?post=3419"},{"taxonomy":"post_tag","embeddable":true,"href":"https:\/\/obispadosanfelipe.cl\/2020\/wp-json\/wp\/v2\/tags?post=3419"}],"curies":[{"name":"wp","href":"https:\/\/api.w.org\/{rel}","templated":true}]}}