{"id":3425,"date":"2020-09-10T16:07:21","date_gmt":"2020-09-10T16:07:21","guid":{"rendered":"https:\/\/obispadosanfelipe.cl\/2020\/?p=3425"},"modified":"2020-09-10T16:08:19","modified_gmt":"2020-09-10T16:08:19","slug":"caritas-chile-firma-convenio-con-gobierno-regional-de-valparaiso-por-proyecto-de-ollas-comunes","status":"publish","type":"post","link":"https:\/\/obispadosanfelipe.cl\/2020\/caritas-chile-firma-convenio-con-gobierno-regional-de-valparaiso-por-proyecto-de-ollas-comunes\/","title":{"rendered":"Caritas Chile firma convenio con Gobierno Regional de Valpara\u00edso por proyecto de Ollas Comunes"},"content":{"rendered":"<p><img loading=\"lazy\" class=\"size-medium wp-image-3427 alignright\" src=\"https:\/\/obispadosanfelipe.cl\/2020\/wp-content\/uploads\/2020\/09\/4-246x300.jpg\" alt=\"\" width=\"246\" height=\"300\" srcset=\"https:\/\/obispadosanfelipe.cl\/2020\/wp-content\/uploads\/2020\/09\/4-246x300.jpg 246w, https:\/\/obispadosanfelipe.cl\/2020\/wp-content\/uploads\/2020\/09\/4-768x938.jpg 768w, https:\/\/obispadosanfelipe.cl\/2020\/wp-content\/uploads\/2020\/09\/4.jpg 838w\" sizes=\"(max-width: 246px) 100vw, 246px\" \/>La iniciativa permite apoyar 300 ollas comunes de la regi\u00f3n de Valpara\u00edso organizadas por juntas de vecinos, iglesias, centros comunitarios, clubes deportivos y fundaciones, entre otras. El proyecto presentado est\u00e1 inserto en la Campa\u00f1a Nacional de Caritas Chile \u201cNadie se Salva Solo\u201d y, se implementar\u00e1 en las di\u00f3cesis de Melipilla, San Felipe y Valpara\u00edso.<\/p>\n<p>Este 8 de septiembre se realiz\u00f3 la firma del convenio entre el Intendente de la Regi\u00f3n de Valpara\u00edso Jorge Mart\u00ednez Dur\u00e1n, el Obispo Presidente de Caritas Chile, Pedro Ossand\u00f3n Buljevic y el Director Ejecutivo de Caritas Chile, Lorenzo Figueroa Le\u00f3n, a trav\u00e9s del cual se entregar\u00e1n los fondos para la realizaci\u00f3n del <strong>Proyecto \u201cApoyo alimentario, sanitario y operativo a la implementaci\u00f3n de ollas comunes en la Regi\u00f3n de Valpara\u00edso\u201d <\/strong>presentado por Caritas Valpara\u00edso al Gobierno Regional y Consejo Regional.<\/p>\n<p>Por medio de este proyecto se contribuir\u00e1, con un monto de 200 millones de pesos, a la seguridad alimentaria de las familias m\u00e1s vulnerables de la Regi\u00f3n a trav\u00e9s del apoyo al abastecimiento, implementaci\u00f3n y operaci\u00f3n sanitaria de ollas comunes.<\/p>\n<p>A contar de tres semanas m\u00e1s, las ollas comunes beneficiadas recibir\u00e1n los kits correspondientes a tres l\u00edneas de acci\u00f3n: art\u00edculos de higiene (elementos de protecci\u00f3n personal para quienes manipulan los alimentos; adem\u00e1s de productos de limpieza y desinfecci\u00f3n, como cloro, lavalozas, alcohol gel, amonio cuaternario, etc.), utensilios de cocina, cargas de gas y alimentos no perecibles. Esto asegurar\u00e1 condiciones m\u00e1s adecuadas para la operaci\u00f3n de las ollas comunes, sobre todo pensando en el tiempo de crisis sanitaria que estamos viviendo. La composici\u00f3n de cada kit fue realizada en base a la identificaci\u00f3n de necesidades en di\u00e1logo directo con equipos operativos de las ollas comunes, as\u00ed como siguiendo las recomendaciones sanitarias de las autoridades y las orientaciones de la Carta Humanitaria y normas m\u00ednimas para la respuesta humanitaria, contenidas en el Manual ESFERA.<\/p>\n<p>Con este <strong>Fondo Regional<\/strong>, se beneficiar\u00e1n 300 ollas comunes que est\u00e1n funcionando en nuestra regi\u00f3n. El 18 % de ellas trabaja bajo el alero de alguna parroquia, iglesia o capilla, siendo la gran mayor\u00eda activadas por juntas de vecinos, clubes deportivos, centros comunitarios, fundaciones o personas naturales que las organizan. Ellas en conjunto, entregan un estimado de 100.000 raciones semanales de alimentos, las que est\u00e1n distribuidas en 26 comunas.<\/p>\n<p>Este proyecto se enmarca en la inversi\u00f3n realizada por el Gobierno Regional de $25 mil millones para enfrentar la crisis sanitaria y econ\u00f3mica derivada de la pandemia del COVID-19, que ha azotado con fuerza a nuestro pa\u00eds y especialmente a la Regi\u00f3n de Valpara\u00edso.<\/p>\n<p><img loading=\"lazy\" class=\"size-medium wp-image-3428 alignright\" src=\"https:\/\/obispadosanfelipe.cl\/2020\/wp-content\/uploads\/2020\/09\/2-1-288x300.jpg\" alt=\"\" width=\"288\" height=\"300\" srcset=\"https:\/\/obispadosanfelipe.cl\/2020\/wp-content\/uploads\/2020\/09\/2-1-288x300.jpg 288w, https:\/\/obispadosanfelipe.cl\/2020\/wp-content\/uploads\/2020\/09\/2-1-768x801.jpg 768w, https:\/\/obispadosanfelipe.cl\/2020\/wp-content\/uploads\/2020\/09\/2-1.jpg 982w\" sizes=\"(max-width: 288px) 100vw, 288px\" \/>El <strong>Intendente Jorge Mart\u00ednez Dur\u00e1n<\/strong>, agradeci\u00f3 el servicio de Caritas y se\u00f1al\u00f3 que \u201cLa elecci\u00f3n de Caritas que hemos hecho como Gobierno Regional en conjunto, obedece a la experiencia que tiene, porque est\u00e1 en toda la Regi\u00f3n, es una organizaci\u00f3n sin fines de lucro, tiene la capacidad t\u00e9cnica administrativa de poder realizar una operaci\u00f3n log\u00edstica de esta magnitud y bien y porque lo ha hecho anteriormente\u201d.<\/p>\n<p>El<strong> Presidente Consejo Regional (CORE) de Valpara\u00edso Manuel Murillo Calder\u00f3n<\/strong> se\u00f1al\u00f3 que \u00abEl Consejo Regional (CORE) de Valpara\u00edso, reconoce y destaca el trabajo que est\u00e1n realizando cientos de dirigentes y voluntarios de las diferentes ollas comunes que est\u00e1n funcionando en la regi\u00f3n. Es por eso que este cuerpo colegiado aprob\u00f3 $ 200 millones para apoyar a 300 ollas comunes que durante estos meses que hemos debido vivir con la incertidumbre del COVID-19, los dirigentes sociales han puesto incluso por delante de su propia seguridad, sus ganas de trabajar por quienes m\u00e1s lo necesitan. Ellos son quienes se han transformado en h\u00e9roes de la solidaridad. Valoramos tambi\u00e9n el compromiso social de la <strong>Fundaci\u00f3n Caritas Chile<\/strong>, que para estos efectos es el puente v\u00e1lido entre el CORE y los ciudadanos, ya que entendemos y estamos convencidos que la sociedad civil es y ser\u00e1 por siempre la voz de los sin voz y nuestra labor, como consejeros regionales, es estar con ellos cada vez que lo necesiten. Estamos muy orgullosos y agradecidos de poder ser un aporte a estas ollas comunes que ayudan a miles de familias de la Regi\u00f3n de Valpara\u00edso\u00bb.<\/p>\n<p><strong>\u00a0<\/strong><\/p>\n<p><strong>Labor social de la Iglesia<\/strong><\/p>\n<p>&nbsp;<\/p>\n<p>\u201cLos voluntarios de los comedores solidarios nos invitan amablemente a enfrentar la crisis sanitaria y social con unidad solidaria organizada al servicio de las personas que m\u00e1s necesitan, fortaleciendo el encuentro personal que dignifica y anima. Se unen los vecinos creyentes y no creyentes, parroquias y organizaciones sociales de base, cat\u00f3licos y evang\u00e9licos. Se encuentran voluntarios de buena voluntad para el compromiso activo que construye convivencia fraterna y paz social. La Regi\u00f3n de Valpara\u00edso y Chile necesitan estas organizaciones para trabajar por la justicia, la reconciliaci\u00f3n y la paz. Gracias a todas las comunidades solidarias\u201d, se\u00f1al\u00f3 el <strong>obispo Pedro Ossand\u00f3n, Presidente de Caritas Chile y Administrador Apost\u00f3lico de la Di\u00f3cesis de Valpara\u00edso.<\/strong><\/p>\n<p>Caritas se articula con una amplia red de actores p\u00fablicos, privados y de la sociedad civil, y con organizaciones territoriales y funcionales a nivel comunitario, para dar respuestas m\u00e1s eficaces e integrales en contextos de crisis como la que hoy el pa\u00eds enfrenta por la pandemia del COVID-19. En tal sentido, este proyecto trasciende la acci\u00f3n directa que realizan los diversos organismos eclesiales y permite poner a Caritas como un conector de oportunidades para el apoyo a las fecundas expresiones de solidaridad que representan las ollas comunes en la Regi\u00f3n.<\/p>\n<p>&nbsp;<\/p>\n<p>Fuente: Comunicaciones Valpara\u00edso<\/p>\n","protected":false},"excerpt":{"rendered":"<p>La iniciativa permite apoyar 300 ollas comunes de la regi\u00f3n de Valpara\u00edso organizadas por juntas de vecinos, iglesias, centros comunitarios, clubes deportivos y fundaciones, entre otras. El proyecto presentado est\u00e1&hellip;<\/p>\n","protected":false},"author":1,"featured_media":3426,"comment_status":"closed","ping_status":"open","sticky":false,"template":"","format":"standard","meta":[],"categories":[6,5],"tags":[],"_links":{"self":[{"href":"https:\/\/obispadosanfelipe.cl\/2020\/wp-json\/wp\/v2\/posts\/3425"}],"collection":[{"href":"https:\/\/obispadosanfelipe.cl\/2020\/wp-json\/wp\/v2\/posts"}],"about":[{"href":"https:\/\/obispadosanfelipe.cl\/2020\/wp-json\/wp\/v2\/types\/post"}],"author":[{"embeddable":true,"href":"https:\/\/obispadosanfelipe.cl\/2020\/wp-json\/wp\/v2\/users\/1"}],"replies":[{"embeddable":true,"href":"https:\/\/obispadosanfelipe.cl\/2020\/wp-json\/wp\/v2\/comments?post=3425"}],"version-history":[{"count":0,"href":"https:\/\/obispadosanfelipe.cl\/2020\/wp-json\/wp\/v2\/posts\/3425\/revisions"}],"wp:featuredmedia":[{"embeddable":true,"href":"https:\/\/obispadosanfelipe.cl\/2020\/wp-json\/wp\/v2\/media\/3426"}],"wp:attachment":[{"href":"https:\/\/obispadosanfelipe.cl\/2020\/wp-json\/wp\/v2\/media?parent=3425"}],"wp:term":[{"taxonomy":"category","embeddable":true,"href":"https:\/\/obispadosanfelipe.cl\/2020\/wp-json\/wp\/v2\/categories?post=3425"},{"taxonomy":"post_tag","embeddable":true,"href":"https:\/\/obispadosanfelipe.cl\/2020\/wp-json\/wp\/v2\/tags?post=3425"}],"curies":[{"name":"wp","href":"https:\/\/api.w.org\/{rel}","templated":true}]}}