{"id":3439,"date":"2020-09-12T23:01:10","date_gmt":"2020-09-12T23:01:10","guid":{"rendered":"https:\/\/obispadosanfelipe.cl\/2020\/?p=3439"},"modified":"2020-09-13T01:18:14","modified_gmt":"2020-09-13T01:18:14","slug":"cft-laplace-y-pastoral-de-migrantes-desarrollan-proyecto-para-mejorar-habitabilidad-de-familias","status":"publish","type":"post","link":"https:\/\/obispadosanfelipe.cl\/2020\/cft-laplace-y-pastoral-de-migrantes-desarrollan-proyecto-para-mejorar-habitabilidad-de-familias\/","title":{"rendered":"CFT LAPLACE y Pastoral de  Migrantes desarrollan proyecto para mejorar habitabilidad de familias"},"content":{"rendered":"\t\t<div data-elementor-type=\"wp-post\" data-elementor-id=\"3439\" class=\"elementor elementor-3439\" data-elementor-settings=\"[]\">\n\t\t\t\t\t\t<div class=\"elementor-inner\">\n\t\t\t\t\t\t\t<div class=\"elementor-section-wrap\">\n\t\t\t\t\t\t\t<section class=\"elementor-section elementor-top-section elementor-element elementor-element-6283f2f8 elementor-section-boxed elementor-section-height-default elementor-section-height-default\" data-id=\"6283f2f8\" data-element_type=\"section\">\n\t\t\t\t\t\t<div class=\"elementor-container elementor-column-gap-default\">\n\t\t\t\t\t\t\t<div class=\"elementor-row\">\n\t\t\t\t\t<div class=\"elementor-column elementor-col-100 elementor-top-column elementor-element elementor-element-378676c7\" data-id=\"378676c7\" data-element_type=\"column\">\n\t\t\t<div class=\"elementor-column-wrap elementor-element-populated\">\n\t\t\t\t\t\t\t<div class=\"elementor-widget-wrap\">\n\t\t\t\t\t\t<div class=\"elementor-element elementor-element-471ac996 elementor-widget elementor-widget-text-editor\" data-id=\"471ac996\" data-element_type=\"widget\" data-widget_type=\"text-editor.default\">\n\t\t\t\t<div class=\"elementor-widget-container\">\n\t\t\t\t\t\t\t\t<div class=\"elementor-text-editor elementor-clearfix\">\n\t\t\t\t\t<p>Cerca de doscientas familias conforman campamento en San Felipe, ubicado en el sector surponiente de la ciudad, por esta raz\u00f3n es que el pasado viernes 11 de septiembre un grupo de profesores del CFT LAPLACE en conjunto con la Pastoral de Migrantes y el Obispo Diocesano, visitaron este lugar para desarrollar una propuesta de trabajo que permita mejorar las condiciones de habitabilidad de los hogares.<\/p><p>\u00a0<\/p><p>Consultado Luis Cabrera del CFT LAPLACE sobre esta actividad expres\u00f3: \u201cagradezco especialmente al Padre Gonzalo por solicitarnos que visit\u00e1ramos este lugar para generar una alianza y poder ser un puente que permita ayudar a las 193 familias que viven en este sector y que necesita de toda nuestra solidaridad\u201d.<\/p><p>\u00a0<\/p><p>Adem\u00e1s Daniel, encargado de la comunidad haitiana manifest\u00f3: \u201cpara nosotros es motivo de alegr\u00eda y de profunda gratitud que los hermanos chilenos nos deseen ayudar a mejorar la calidad de vida de todas las familias que ac\u00e1 vivimos sin distinciones de nacionalidad u origen\u201d.<\/p><p>\u00a0<\/p><p>Para finalizar esta visita en terreno el Padre\u00a0 Gonzalo expres\u00f3: \u201chago un llamado a la solidaridad de todos, porque estoy seguro que en nuestra familia tenemos alg\u00fan migrante, y es ahora donde un grupo de hermanos necesitan de toda nuestra caridad. Tambi\u00e9n agradezco al CFT LAPLACE quienes nos acompa\u00f1aron para visitar este lugar y poder desarrollar en conjunto un proyecto que permita mejorar la calidad de vida de todos quienes viven ac\u00e1. Toda \u00a0ayuda es muy bien recibida y que no se olviden nunca que ac\u00e1 los estamos esperando\u201d, finaliz\u00f3 el Obispo Diocesano.<\/p><p>\u00a0<\/p><p>Fuente: Oficina de Comunicaciones<\/p>\t\t\t\t\t<\/div>\n\t\t\t\t\t\t<\/div>\n\t\t\t\t<\/div>\n\t\t\t\t\t\t<\/div>\n\t\t\t\t\t<\/div>\n\t\t<\/div>\n\t\t\t\t\t\t\t\t<\/div>\n\t\t\t\t\t<\/div>\n\t\t<\/section>\n\t\t\t\t<section class=\"elementor-section elementor-top-section elementor-element elementor-element-e760b8d elementor-section-boxed elementor-section-height-default elementor-section-height-default\" data-id=\"e760b8d\" data-element_type=\"section\">\n\t\t\t\t\t\t<div class=\"elementor-container elementor-column-gap-default\">\n\t\t\t\t\t\t\t<div class=\"elementor-row\">\n\t\t\t\t\t<div class=\"elementor-column elementor-col-100 elementor-top-column elementor-element elementor-element-366ea22\" data-id=\"366ea22\" data-element_type=\"column\">\n\t\t\t<div class=\"elementor-column-wrap elementor-element-populated\">\n\t\t\t\t\t\t\t<div class=\"elementor-widget-wrap\">\n\t\t\t\t\t\t<div class=\"elementor-element elementor-element-ec5fba7 elementor-aspect-ratio-169 elementor-widget elementor-widget-video\" data-id=\"ec5fba7\" data-element_type=\"widget\" data-settings=\"{&quot;youtube_url&quot;:&quot;https:\\\/\\\/www.youtube.com\\\/watch?v=oRASoLa_Etk&quot;,&quot;video_type&quot;:&quot;youtube&quot;,&quot;controls&quot;:&quot;yes&quot;,&quot;aspect_ratio&quot;:&quot;169&quot;}\" data-widget_type=\"video.default\">\n\t\t\t\t<div class=\"elementor-widget-container\">\n\t\t\t\t\t<div class=\"elementor-wrapper elementor-fit-aspect-ratio elementor-open-inline\">\n\t\t\t<div class=\"elementor-video\"><\/div>\t\t<\/div>\n\t\t\t\t<\/div>\n\t\t\t\t<\/div>\n\t\t\t\t\t\t<\/div>\n\t\t\t\t\t<\/div>\n\t\t<\/div>\n\t\t\t\t\t\t\t\t<\/div>\n\t\t\t\t\t<\/div>\n\t\t<\/section>\n\t\t\t\t<section class=\"elementor-section elementor-top-section elementor-element elementor-element-09b5d8a elementor-section-boxed elementor-section-height-default elementor-section-height-default\" data-id=\"09b5d8a\" data-element_type=\"section\">\n\t\t\t\t\t\t<div class=\"elementor-container elementor-column-gap-default\">\n\t\t\t\t\t\t\t<div class=\"elementor-row\">\n\t\t\t\t\t<div class=\"elementor-column elementor-col-100 elementor-top-column elementor-element elementor-element-039c409\" data-id=\"039c409\" data-element_type=\"column\">\n\t\t\t<div class=\"elementor-column-wrap elementor-element-populated\">\n\t\t\t\t\t\t\t<div class=\"elementor-widget-wrap\">\n\t\t\t\t\t\t<div class=\"elementor-element elementor-element-4af4788 elementor-widget elementor-widget-the7_photo-scroller\" data-id=\"4af4788\" data-element_type=\"widget\" data-settings=\"{&quot;autoplay&quot;:&quot;no&quot;}\" data-widget_type=\"the7_photo-scroller.default\">\n\t\t\t\t<div class=\"elementor-widget-container\">\n\t\t\t\t\t<div class=\"photo-scroller the7_photo-scroller-4af4788 hide-thumbs\" data-scale=\"fill\" data-autoslide=\"false\" data-play-on-hover=\"false\" data-delay=\"0\" data-show-thumbnails=\"true\" data-thumb-position=\"inside-hidden\" data-thumb-height=\"60\" data-thumb-width=\"60\" data-transparency=\"0.15\" data-arrows=\"true\" data-arrows_tablet=\"true\" data-arrows_mobile=\"true\" data-next-icon=\"icomoon-the7-font-the7-arrow-09\" data-prev-icon=\"icomoon-the7-font-the7-arrow-08\" data-r-arrow-v-position=\"center\" data-r-arrow-h-position=\"right\" data-l-arrow-v-position=\"center\" data-l-arrow-h-position=\"left\" data-ls-fill-dt=\"fill\" data-ls-fill-tablet=\"fill\" data-pt-fill-dt=\"fit\" data-pt-fill-tablet=\"fit\" data-pt-fill-mob=\"fit\" data-ls-fill-mob=\"fill\" data-padding-top=\"0\" data-padding-bottom=\"0\" data-padding-side=\"0\" data-padding-left=\"0\" data-t-padding-top=\"0\" data-t-padding-bottom=\"0\" data-t-padding-side=\"0\" data-t-padding-left=\"0\" data-m-padding-top=\"0\" data-m-padding-bottom=\"0\" data-m-padding-side=\"0\" data-m-padding-left=\"0\" data-ls-max=\"100\" data-t-ls-max=\"100\" data-m-ls-max=\"100\" data-ls-min=\"0\" data-t-ls-min=\"0\" data-m-ls-min=\"0\" data-pt-max=\"100\" data-t-pt-max=\"100\" data-m-pt-max=\"100\" data-pt-min=\"0\" data-t-pt-min=\"0\" data-m-pt-min=\"0\" data-height=\"300\" data-tablet-height=\"300\" data-mobile-height=\"300\">\n\t\t\t<div class=\"photoSlider\">\n\t\t\t\t<figure data-width=\"1280\" data-height=\"960\"><a href=\" https:\/\/obispadosanfelipe.cl\/2020\/wp-content\/uploads\/2020\/09\/WhatsApp-Image-2020-09-12-at-19.55.23-4.jpeg \"<a href=\"https:\/\/obispadosanfelipe.cl\/2020\/wp-content\/uploads\/2020\/09\/WhatsApp-Image-2020-09-12-at-19.55.23-4.jpeg\" class=\"post-thumbnail-rollover layzr-bg\"   aria-label=\"Post image\"><img loading=\"lazy\" src=\"data:image\/svg+xml,%3Csvg%20xmlns%3D&#39;http%3A%2F%2Fwww.w3.org%2F2000%2Fsvg&#39;%20viewBox%3D&#39;0%200%201280%20960&#39;%2F%3E\" data-src=\"https:\/\/obispadosanfelipe.cl\/2020\/wp-content\/uploads\/2020\/09\/WhatsApp-Image-2020-09-12-at-19.55.23-4.jpeg\" data-srcset=\"https:\/\/obispadosanfelipe.cl\/2020\/wp-content\/uploads\/2020\/09\/WhatsApp-Image-2020-09-12-at-19.55.23-4.jpeg 1280w\" class=\"preload-me photo-thumb-lazy-load\" width=\"1280\" height=\"960\"  alt=\"\"  \/><\/a><\/a><\/figure><figure data-width=\"1280\" data-height=\"960\"><a href=\" https:\/\/obispadosanfelipe.cl\/2020\/wp-content\/uploads\/2020\/09\/WhatsApp-Image-2020-09-12-at-19.55.23-3.jpeg \"<a href=\"https:\/\/obispadosanfelipe.cl\/2020\/wp-content\/uploads\/2020\/09\/WhatsApp-Image-2020-09-12-at-19.55.23-3.jpeg\" class=\"post-thumbnail-rollover layzr-bg\" title=\"WhatsApp Image 2020-09-12 at 19.55.23 (3)\"  aria-label=\"Post image\"><img loading=\"lazy\" src=\"data:image\/svg+xml,%3Csvg%20xmlns%3D&#39;http%3A%2F%2Fwww.w3.org%2F2000%2Fsvg&#39;%20viewBox%3D&#39;0%200%201280%20960&#39;%2F%3E\" data-src=\"https:\/\/obispadosanfelipe.cl\/2020\/wp-content\/uploads\/2020\/09\/WhatsApp-Image-2020-09-12-at-19.55.23-3.jpeg\" data-srcset=\"https:\/\/obispadosanfelipe.cl\/2020\/wp-content\/uploads\/2020\/09\/WhatsApp-Image-2020-09-12-at-19.55.23-3.jpeg 1280w\" class=\"preload-me photo-thumb-lazy-load\" width=\"1280\" height=\"960\"  alt=\"\" title=\"WhatsApp Image 2020-09-12 at 19.55.23 (3)\" \/><\/a><\/a><\/figure><figure data-width=\"1280\" data-height=\"960\"><a href=\" https:\/\/obispadosanfelipe.cl\/2020\/wp-content\/uploads\/2020\/09\/WhatsApp-Image-2020-09-12-at-19.55.23-2-1.jpeg \"<a href=\"https:\/\/obispadosanfelipe.cl\/2020\/wp-content\/uploads\/2020\/09\/WhatsApp-Image-2020-09-12-at-19.55.23-2-1.jpeg\" class=\"post-thumbnail-rollover layzr-bg\" title=\"WhatsApp Image 2020-09-12 at 19.55.23 (2)\"  aria-label=\"Post image\"><img loading=\"lazy\" src=\"data:image\/svg+xml,%3Csvg%20xmlns%3D&#39;http%3A%2F%2Fwww.w3.org%2F2000%2Fsvg&#39;%20viewBox%3D&#39;0%200%201280%20960&#39;%2F%3E\" data-src=\"https:\/\/obispadosanfelipe.cl\/2020\/wp-content\/uploads\/2020\/09\/WhatsApp-Image-2020-09-12-at-19.55.23-2-1.jpeg\" data-srcset=\"https:\/\/obispadosanfelipe.cl\/2020\/wp-content\/uploads\/2020\/09\/WhatsApp-Image-2020-09-12-at-19.55.23-2-1.jpeg 1280w\" class=\"preload-me photo-thumb-lazy-load\" width=\"1280\" height=\"960\"  alt=\"\" title=\"WhatsApp Image 2020-09-12 at 19.55.23 (2)\" \/><\/a><\/a><\/figure><figure data-width=\"1280\" data-height=\"960\"><a href=\" https:\/\/obispadosanfelipe.cl\/2020\/wp-content\/uploads\/2020\/09\/WhatsApp-Image-2020-09-12-at-19.55.23-1.jpeg \"<a href=\"https:\/\/obispadosanfelipe.cl\/2020\/wp-content\/uploads\/2020\/09\/WhatsApp-Image-2020-09-12-at-19.55.23-1.jpeg\" class=\"post-thumbnail-rollover layzr-bg\" title=\"WhatsApp Image 2020-09-12 at 19.55.23 (1)\"  aria-label=\"Post image\"><img loading=\"lazy\" src=\"data:image\/svg+xml,%3Csvg%20xmlns%3D&#39;http%3A%2F%2Fwww.w3.org%2F2000%2Fsvg&#39;%20viewBox%3D&#39;0%200%201280%20960&#39;%2F%3E\" data-src=\"https:\/\/obispadosanfelipe.cl\/2020\/wp-content\/uploads\/2020\/09\/WhatsApp-Image-2020-09-12-at-19.55.23-1.jpeg\" data-srcset=\"https:\/\/obispadosanfelipe.cl\/2020\/wp-content\/uploads\/2020\/09\/WhatsApp-Image-2020-09-12-at-19.55.23-1.jpeg 1280w\" class=\"preload-me photo-thumb-lazy-load\" width=\"1280\" height=\"960\"  alt=\"\" title=\"WhatsApp Image 2020-09-12 at 19.55.23 (1)\" \/><\/a><\/a><\/figure><figure data-width=\"1280\" data-height=\"960\"><a href=\" https:\/\/obispadosanfelipe.cl\/2020\/wp-content\/uploads\/2020\/09\/WhatsApp-Image-2020-09-12-at-19.55.23.jpeg \"<a href=\"https:\/\/obispadosanfelipe.cl\/2020\/wp-content\/uploads\/2020\/09\/WhatsApp-Image-2020-09-12-at-19.55.23.jpeg\" class=\"post-thumbnail-rollover layzr-bg\" title=\"WhatsApp Image 2020-09-12 at 19.55.23\"  aria-label=\"Post image\"><img loading=\"lazy\" src=\"data:image\/svg+xml,%3Csvg%20xmlns%3D&#39;http%3A%2F%2Fwww.w3.org%2F2000%2Fsvg&#39;%20viewBox%3D&#39;0%200%201280%20960&#39;%2F%3E\" data-src=\"https:\/\/obispadosanfelipe.cl\/2020\/wp-content\/uploads\/2020\/09\/WhatsApp-Image-2020-09-12-at-19.55.23.jpeg\" data-srcset=\"https:\/\/obispadosanfelipe.cl\/2020\/wp-content\/uploads\/2020\/09\/WhatsApp-Image-2020-09-12-at-19.55.23.jpeg 1280w\" class=\"preload-me photo-thumb-lazy-load\" width=\"1280\" height=\"960\"  alt=\"\" title=\"WhatsApp Image 2020-09-12 at 19.55.23\" \/><\/a><\/a><\/figure><figure data-width=\"1280\" data-height=\"960\"><a href=\" https:\/\/obispadosanfelipe.cl\/2020\/wp-content\/uploads\/2020\/09\/WhatsApp-Image-2020-09-12-at-19.55.24-1.jpeg \"<a href=\"https:\/\/obispadosanfelipe.cl\/2020\/wp-content\/uploads\/2020\/09\/WhatsApp-Image-2020-09-12-at-19.55.24-1.jpeg\" class=\"post-thumbnail-rollover layzr-bg\" title=\"WhatsApp Image 2020-09-12 at 19.55.24 (1)\"  aria-label=\"Post image\"><img loading=\"lazy\" src=\"data:image\/svg+xml,%3Csvg%20xmlns%3D&#39;http%3A%2F%2Fwww.w3.org%2F2000%2Fsvg&#39;%20viewBox%3D&#39;0%200%201280%20960&#39;%2F%3E\" data-src=\"https:\/\/obispadosanfelipe.cl\/2020\/wp-content\/uploads\/2020\/09\/WhatsApp-Image-2020-09-12-at-19.55.24-1.jpeg\" data-srcset=\"https:\/\/obispadosanfelipe.cl\/2020\/wp-content\/uploads\/2020\/09\/WhatsApp-Image-2020-09-12-at-19.55.24-1.jpeg 1280w\" class=\"preload-me photo-thumb-lazy-load\" width=\"1280\" height=\"960\"  alt=\"\" title=\"WhatsApp Image 2020-09-12 at 19.55.24 (1)\" \/><\/a><\/a><\/figure><figure data-width=\"1280\" data-height=\"960\"><a href=\" https:\/\/obispadosanfelipe.cl\/2020\/wp-content\/uploads\/2020\/09\/WhatsApp-Image-2020-09-12-at-19.51.47.jpeg \"<a href=\"https:\/\/obispadosanfelipe.cl\/2020\/wp-content\/uploads\/2020\/09\/WhatsApp-Image-2020-09-12-at-19.51.47.jpeg\" class=\"post-thumbnail-rollover layzr-bg\" title=\"WhatsApp Image 2020-09-12 at 19.51.47\"  aria-label=\"Post image\"><img loading=\"lazy\" src=\"data:image\/svg+xml,%3Csvg%20xmlns%3D&#39;http%3A%2F%2Fwww.w3.org%2F2000%2Fsvg&#39;%20viewBox%3D&#39;0%200%201280%20960&#39;%2F%3E\" data-src=\"https:\/\/obispadosanfelipe.cl\/2020\/wp-content\/uploads\/2020\/09\/WhatsApp-Image-2020-09-12-at-19.51.47.jpeg\" data-srcset=\"https:\/\/obispadosanfelipe.cl\/2020\/wp-content\/uploads\/2020\/09\/WhatsApp-Image-2020-09-12-at-19.51.47.jpeg 1280w\" class=\"preload-me photo-thumb-lazy-load\" width=\"1280\" height=\"960\"  alt=\"\" title=\"WhatsApp Image 2020-09-12 at 19.51.47\" \/><\/a><\/a><\/figure>\t\t\t<\/div>\n\t\t\t<div class=\"btn-cntr\">\n\t\t\t\t<a href=\"#\" class=\"hide-thumb-btn\"><\/a>\n\t\t\t\t<a href=\"#\" class=\"auto-play-btn\"><\/a>\n\t\t\t\t<a href=\"#\" class=\"full-screen-btn\"><\/a>\n\t\t\t<\/div>\n\t\t<\/div>\n\t\t\t\t<\/div>\n\t\t\t\t<\/div>\n\t\t\t\t\t\t<\/div>\n\t\t\t\t\t<\/div>\n\t\t<\/div>\n\t\t\t\t\t\t\t\t<\/div>\n\t\t\t\t\t<\/div>\n\t\t<\/section>\n\t\t\t\t\t\t<\/div>\n\t\t\t\t\t\t<\/div>\n\t\t\t\t\t<\/div>\n\t\t","protected":false},"excerpt":{"rendered":"<p>Cerca de doscientas familias conforman campamento en San Felipe, ubicado en el sector surponiente de la ciudad, por esta raz\u00f3n es que el pasado viernes 11 de septiembre un grupo&hellip;<\/p>\n","protected":false},"author":1,"featured_media":3440,"comment_status":"closed","ping_status":"open","sticky":false,"template":"","format":"standard","meta":[],"categories":[6,5],"tags":[],"_links":{"self":[{"href":"https:\/\/obispadosanfelipe.cl\/2020\/wp-json\/wp\/v2\/posts\/3439"}],"collection":[{"href":"https:\/\/obispadosanfelipe.cl\/2020\/wp-json\/wp\/v2\/posts"}],"about":[{"href":"https:\/\/obispadosanfelipe.cl\/2020\/wp-json\/wp\/v2\/types\/post"}],"author":[{"embeddable":true,"href":"https:\/\/obispadosanfelipe.cl\/2020\/wp-json\/wp\/v2\/users\/1"}],"replies":[{"embeddable":true,"href":"https:\/\/obispadosanfelipe.cl\/2020\/wp-json\/wp\/v2\/comments?post=3439"}],"version-history":[{"count":0,"href":"https:\/\/obispadosanfelipe.cl\/2020\/wp-json\/wp\/v2\/posts\/3439\/revisions"}],"wp:featuredmedia":[{"embeddable":true,"href":"https:\/\/obispadosanfelipe.cl\/2020\/wp-json\/wp\/v2\/media\/3440"}],"wp:attachment":[{"href":"https:\/\/obispadosanfelipe.cl\/2020\/wp-json\/wp\/v2\/media?parent=3439"}],"wp:term":[{"taxonomy":"category","embeddable":true,"href":"https:\/\/obispadosanfelipe.cl\/2020\/wp-json\/wp\/v2\/categories?post=3439"},{"taxonomy":"post_tag","embeddable":true,"href":"https:\/\/obispadosanfelipe.cl\/2020\/wp-json\/wp\/v2\/tags?post=3439"}],"curies":[{"name":"wp","href":"https:\/\/api.w.org\/{rel}","templated":true}]}}