{"id":3457,"date":"2020-09-14T14:25:59","date_gmt":"2020-09-14T14:25:59","guid":{"rendered":"https:\/\/obispadosanfelipe.cl\/2020\/?p=3457"},"modified":"2020-09-15T15:54:57","modified_gmt":"2020-09-15T15:54:57","slug":"te-deum-desde-la-iglesia-del-buen-pastor-de-san-felipe","status":"publish","type":"post","link":"https:\/\/obispadosanfelipe.cl\/2020\/te-deum-desde-la-iglesia-del-buen-pastor-de-san-felipe\/","title":{"rendered":"Te Deum desde el Buen Pastor de San Felipe"},"content":{"rendered":"<p>En la ceremonia se agradecer\u00e1 y se rogar\u00e1 al Se\u00f1or por cada una de las intenciones de nuestro pa\u00eds. Ser\u00e1 trasmitida el jueves 17\u00a0 de septiembre a las 18:30 horas por Radio Encuentro FM y por las redes sociales del Obispado de\u00a0 San Felipe.<\/p>\n<p>Se invita a todas las comunidades parroquiales, educativas, de movimientos laicales, a sacerdotes, di\u00e1conos, religiosos y feligreses <strong>a seguir la transmisi\u00f3n por redes sociales del Obispado de San Felipe<\/strong>\u00a0del\u00a0<strong>solemne TE DEUM<\/strong> de Acci\u00f3n de Gracias, con motivo del D\u00eda Nacional de Chile, que se realizar\u00e1 el jueves<strong> 17 de septiembre a las 18:30 horas.<\/strong><\/p>\n<p>El tradicional Te Deum que presidir\u00e1 el Padre Gonzalo Bravo \u00c1lvarez, Obispo de San Felipe de Aconcagua.<\/p>\n<p>&nbsp;<\/p>\n<p>Fuente: Oficina de Comunicaciones<\/p>\n<p>&nbsp;<\/p>\n<p>&nbsp;<\/p>\n<p>&nbsp;<\/p>\n","protected":false},"excerpt":{"rendered":"<p>En la ceremonia se agradecer\u00e1 y se rogar\u00e1 al Se\u00f1or por cada una de las intenciones de nuestro pa\u00eds. Ser\u00e1 trasmitida el jueves 17\u00a0 de septiembre a las 18:30 horas&hellip;<\/p>\n","protected":false},"author":1,"featured_media":3480,"comment_status":"closed","ping_status":"open","sticky":false,"template":"","format":"standard","meta":[],"categories":[6,5],"tags":[],"_links":{"self":[{"href":"https:\/\/obispadosanfelipe.cl\/2020\/wp-json\/wp\/v2\/posts\/3457"}],"collection":[{"href":"https:\/\/obispadosanfelipe.cl\/2020\/wp-json\/wp\/v2\/posts"}],"about":[{"href":"https:\/\/obispadosanfelipe.cl\/2020\/wp-json\/wp\/v2\/types\/post"}],"author":[{"embeddable":true,"href":"https:\/\/obispadosanfelipe.cl\/2020\/wp-json\/wp\/v2\/users\/1"}],"replies":[{"embeddable":true,"href":"https:\/\/obispadosanfelipe.cl\/2020\/wp-json\/wp\/v2\/comments?post=3457"}],"version-history":[{"count":0,"href":"https:\/\/obispadosanfelipe.cl\/2020\/wp-json\/wp\/v2\/posts\/3457\/revisions"}],"wp:featuredmedia":[{"embeddable":true,"href":"https:\/\/obispadosanfelipe.cl\/2020\/wp-json\/wp\/v2\/media\/3480"}],"wp:attachment":[{"href":"https:\/\/obispadosanfelipe.cl\/2020\/wp-json\/wp\/v2\/media?parent=3457"}],"wp:term":[{"taxonomy":"category","embeddable":true,"href":"https:\/\/obispadosanfelipe.cl\/2020\/wp-json\/wp\/v2\/categories?post=3457"},{"taxonomy":"post_tag","embeddable":true,"href":"https:\/\/obispadosanfelipe.cl\/2020\/wp-json\/wp\/v2\/tags?post=3457"}],"curies":[{"name":"wp","href":"https:\/\/api.w.org\/{rel}","templated":true}]}}