{"id":3460,"date":"2020-09-14T23:19:54","date_gmt":"2020-09-14T23:19:54","guid":{"rendered":"https:\/\/obispadosanfelipe.cl\/2020\/?p=3460"},"modified":"2020-09-14T23:22:48","modified_gmt":"2020-09-14T23:22:48","slug":"comunidad-maria-en-el-camino-instala-ermita-en-campamento-de-san-felipe","status":"publish","type":"post","link":"https:\/\/obispadosanfelipe.cl\/2020\/comunidad-maria-en-el-camino-instala-ermita-en-campamento-de-san-felipe\/","title":{"rendered":"Comunidad Mar\u00eda en el Camino instala Ermita en Campamento de San Felipe"},"content":{"rendered":"<p>Un momento de profunda alegr\u00eda se vivi\u00f3 el pasado s\u00e1bado 12 de septiembre en el campamento ubicado en el sector surponiente de la comuna de San Felipe, con la instalaci\u00f3n de una Ermita con la imagen de Mar\u00eda, donada por la comunidad \u201cMar\u00eda en el Camino\u201d.<\/p>\n<p>Esta iniciativa se concreta gracias al esfuerzo realizado por la comunidad Hatiana de dicho sector, quienes motivados por su fe, instalaron un espacio para la oraci\u00f3n donde todos los habitantes de dicho sector puedan orar.<\/p>\n<p>Consultada la Hermana Ver\u00f3nica sobre esta iniciativa manifest\u00f3: \u201ces una alegr\u00eda muy grande poder traer a nuestra Madre aqu\u00ed, para hacerse presente en el coraz\u00f3n de esta gran familia. En este lugar hay personas de diferentes nacionalidades, ellos han sufrido mucho en este tiempo y han luchado para lograr construir sus casas. Por eso necesitan del apoyo espiritual de Mar\u00eda nuestra Madre, lo que ella quiere es acompa\u00f1ar a todas estas personas, acompa\u00f1arlas, acogerlas y protegerlas en sus alegr\u00edas, dolores, sue\u00f1os y esperanzas\u201d.<\/p>\n<p>&nbsp;<\/p>\n\n\t\t\t<style type='text\/css'>\n\t\t\t\t#gallery-1 {\n\t\t\t\t\tmargin: auto;\n\t\t\t\t}\n\t\t\t\t#gallery-1 .gallery-item {\n\t\t\t\t\tfloat: left;\n\t\t\t\t\tmargin-top: 10px;\n\t\t\t\t\ttext-align: center;\n\t\t\t\t\twidth: 33%;\n\t\t\t\t}\n\t\t\t\t#gallery-1 img {\n\t\t\t\t\tborder: 2px solid #cfcfcf;\n\t\t\t\t}\n\t\t\t\t#gallery-1 .gallery-caption {\n\t\t\t\t\tmargin-left: 0;\n\t\t\t\t}\n\t\t\t\t\/* see gallery_shortcode() in wp-includes\/media.php *\/\n\t\t\t<\/style>\n\t\t<div id='gallery-1' class='dt-gallery-container gallery galleryid-3460 gallery-columns-3 gallery-size-thumbnail'><dl class='gallery-item'>\n\t\t\t\t<dt class='gallery-icon landscape'>\n\t\t\t\t\t<a class=\"rollover\" href='https:\/\/obispadosanfelipe.cl\/2020\/comunidad-maria-en-el-camino-instala-ermita-en-campamento-de-san-felipe\/0e25ac9d-e061-42ec-81e3-cafd151a0a6e\/'><img width=\"150\" height=\"150\" src=\"https:\/\/obispadosanfelipe.cl\/2020\/wp-content\/uploads\/2020\/09\/0e25ac9d-e061-42ec-81e3-cafd151a0a6e-150x150.jpg\" class=\"attachment-thumbnail size-thumbnail\" alt=\"\" loading=\"lazy\" \/><\/a>\n\t\t\t\t<\/dt><\/dl><dl class='gallery-item'>\n\t\t\t\t<dt class='gallery-icon portrait'>\n\t\t\t\t\t<a class=\"rollover\" href='https:\/\/obispadosanfelipe.cl\/2020\/comunidad-maria-en-el-camino-instala-ermita-en-campamento-de-san-felipe\/913a64ca-2821-4999-a8a9-894b80449bcb\/'><img width=\"150\" height=\"150\" src=\"https:\/\/obispadosanfelipe.cl\/2020\/wp-content\/uploads\/2020\/09\/913a64ca-2821-4999-a8a9-894b80449bcb-150x150.jpg\" class=\"attachment-thumbnail size-thumbnail\" alt=\"\" loading=\"lazy\" \/><\/a>\n\t\t\t\t<\/dt><\/dl><dl class='gallery-item'>\n\t\t\t\t<dt class='gallery-icon landscape'>\n\t\t\t\t\t<a class=\"rollover\" href='https:\/\/obispadosanfelipe.cl\/2020\/comunidad-maria-en-el-camino-instala-ermita-en-campamento-de-san-felipe\/68862224-c0c3-42ce-842e-c63e028c12ba\/'><img width=\"150\" height=\"150\" src=\"https:\/\/obispadosanfelipe.cl\/2020\/wp-content\/uploads\/2020\/09\/68862224-c0c3-42ce-842e-c63e028c12ba-150x150.jpg\" class=\"attachment-thumbnail size-thumbnail\" alt=\"\" loading=\"lazy\" \/><\/a>\n\t\t\t\t<\/dt><\/dl><br style=\"clear: both\" \/><dl class='gallery-item'>\n\t\t\t\t<dt class='gallery-icon landscape'>\n\t\t\t\t\t<a class=\"rollover\" href='https:\/\/obispadosanfelipe.cl\/2020\/comunidad-maria-en-el-camino-instala-ermita-en-campamento-de-san-felipe\/aacfab86-25ef-4d76-98e0-d2716baeab85\/'><img width=\"150\" height=\"150\" src=\"https:\/\/obispadosanfelipe.cl\/2020\/wp-content\/uploads\/2020\/09\/aacfab86-25ef-4d76-98e0-d2716baeab85-150x150.jpg\" class=\"attachment-thumbnail size-thumbnail\" alt=\"\" loading=\"lazy\" \/><\/a>\n\t\t\t\t<\/dt><\/dl><dl class='gallery-item'>\n\t\t\t\t<dt class='gallery-icon landscape'>\n\t\t\t\t\t<a class=\"rollover\" href='https:\/\/obispadosanfelipe.cl\/2020\/comunidad-maria-en-el-camino-instala-ermita-en-campamento-de-san-felipe\/bc06cb9d-ae7b-404c-bdb1-dc2e00a6c3b1\/'><img width=\"150\" height=\"150\" src=\"https:\/\/obispadosanfelipe.cl\/2020\/wp-content\/uploads\/2020\/09\/bc06cb9d-ae7b-404c-bdb1-dc2e00a6c3b1-150x150.jpg\" class=\"attachment-thumbnail size-thumbnail\" alt=\"\" loading=\"lazy\" \/><\/a>\n\t\t\t\t<\/dt><\/dl><dl class='gallery-item'>\n\t\t\t\t<dt class='gallery-icon landscape'>\n\t\t\t\t\t<a class=\"rollover\" href='https:\/\/obispadosanfelipe.cl\/2020\/comunidad-maria-en-el-camino-instala-ermita-en-campamento-de-san-felipe\/eab7f27a-7c81-45ad-8c9a-688ee39d7a42\/'><img width=\"150\" height=\"150\" src=\"https:\/\/obispadosanfelipe.cl\/2020\/wp-content\/uploads\/2020\/09\/eab7f27a-7c81-45ad-8c9a-688ee39d7a42-150x150.jpg\" class=\"attachment-thumbnail size-thumbnail\" alt=\"\" loading=\"lazy\" \/><\/a>\n\t\t\t\t<\/dt><\/dl><br style=\"clear: both\" \/>\n\t\t\t<\/div>\n\n<p>&nbsp;<\/p>\n<p>Fuente: Oficina de Comunicaciones.<\/p>\n","protected":false},"excerpt":{"rendered":"<p>Un momento de profunda alegr\u00eda se vivi\u00f3 el pasado s\u00e1bado 12 de septiembre en el campamento ubicado en el sector surponiente de la comuna de San Felipe, con la instalaci\u00f3n&hellip;<\/p>\n","protected":false},"author":1,"featured_media":3461,"comment_status":"closed","ping_status":"open","sticky":false,"template":"","format":"standard","meta":[],"categories":[6,5],"tags":[],"_links":{"self":[{"href":"https:\/\/obispadosanfelipe.cl\/2020\/wp-json\/wp\/v2\/posts\/3460"}],"collection":[{"href":"https:\/\/obispadosanfelipe.cl\/2020\/wp-json\/wp\/v2\/posts"}],"about":[{"href":"https:\/\/obispadosanfelipe.cl\/2020\/wp-json\/wp\/v2\/types\/post"}],"author":[{"embeddable":true,"href":"https:\/\/obispadosanfelipe.cl\/2020\/wp-json\/wp\/v2\/users\/1"}],"replies":[{"embeddable":true,"href":"https:\/\/obispadosanfelipe.cl\/2020\/wp-json\/wp\/v2\/comments?post=3460"}],"version-history":[{"count":0,"href":"https:\/\/obispadosanfelipe.cl\/2020\/wp-json\/wp\/v2\/posts\/3460\/revisions"}],"wp:featuredmedia":[{"embeddable":true,"href":"https:\/\/obispadosanfelipe.cl\/2020\/wp-json\/wp\/v2\/media\/3461"}],"wp:attachment":[{"href":"https:\/\/obispadosanfelipe.cl\/2020\/wp-json\/wp\/v2\/media?parent=3460"}],"wp:term":[{"taxonomy":"category","embeddable":true,"href":"https:\/\/obispadosanfelipe.cl\/2020\/wp-json\/wp\/v2\/categories?post=3460"},{"taxonomy":"post_tag","embeddable":true,"href":"https:\/\/obispadosanfelipe.cl\/2020\/wp-json\/wp\/v2\/tags?post=3460"}],"curies":[{"name":"wp","href":"https:\/\/api.w.org\/{rel}","templated":true}]}}