{"id":3472,"date":"2020-09-15T01:18:12","date_gmt":"2020-09-15T01:18:12","guid":{"rendered":"https:\/\/obispadosanfelipe.cl\/2020\/?p=3472"},"modified":"2020-09-15T19:53:36","modified_gmt":"2020-09-15T19:53:36","slug":"con-cristo-y-maria-vamos-a-tu-encuentro-grupo-de-laicos-que-entrego-ayuda-solidaria-en-chincolco","status":"publish","type":"post","link":"https:\/\/obispadosanfelipe.cl\/2020\/con-cristo-y-maria-vamos-a-tu-encuentro-grupo-de-laicos-que-entrego-ayuda-solidaria-en-chincolco\/","title":{"rendered":"\u201cCon Cristo y Mar\u00eda vamos a tu encuentro\u201d, grupo de laicos que entreg\u00f3 ayuda solidaria en Chincolco"},"content":{"rendered":"<p>El pasado domingo 13 de septiembre el grupo \u201c<strong>Con Cristo y Mar\u00eda vamos a tu encuentro<\/strong>\u201d perteneciente al Movimiento de Schoenstatt entreg\u00f3 18 cajas de alimentos para adultos mayores de la localidad de Chincolco, que pertenecen a la Parroquia Sagrado Coraz\u00f3n.<\/p>\n<p>Este grupo de ayuda fraterna, nace como una respuesta concreta para mostrar el rostro Jes\u00fas de Resucitado en quienes m\u00e1s sufren, especialmente en aquellos hermanos y hermanas que se encuentran en situaci\u00f3n de vulnerabilidad.<\/p>\n<p>\u201cCon Cristo y Mar\u00eda vamos a tu encuentro\u201d, realiz\u00f3 una campa\u00f1a solidaria para reunir 18 cajas con alimentos para adultos mayores de la localidad de Chincolco. Alimentos que fueron entregados a la Parroquia Sagrado Coraz\u00f3n, cuyo P\u00e1rroco es el Padre\u00a0 Miguel Trivi\u00f1o. A lo que se suman diferentes enceres y utensilios para el hogar de una familia que hab\u00eda perdido la totalidad de\u00a0 sus bienes producto de un incendio que afecto su casa..<\/p>\n<p>El movimiento de Schoenstatt de Aconcagua, en los dos \u00faltimos meses ha entregado a la Parroquia San Jos\u00e9 Obrero de Rinconada cajas de alimentos, recibidas por el Padre Andr\u00e9s Rodriguez. De esta manera poder ir en ayuda de hermanos que necesitan de toda nuestra solidaridad.<\/p>\n<p>&nbsp;<\/p>\n<p><img loading=\"lazy\" class=\"wp-image-3474 aligncenter\" src=\"https:\/\/obispadosanfelipe.cl\/2020\/wp-content\/uploads\/2020\/09\/WhatsApp-Image-2020-09-14-at-22.06.31-300x225.jpeg\" alt=\"\" width=\"495\" height=\"371\" srcset=\"https:\/\/obispadosanfelipe.cl\/2020\/wp-content\/uploads\/2020\/09\/WhatsApp-Image-2020-09-14-at-22.06.31-300x225.jpeg 300w, https:\/\/obispadosanfelipe.cl\/2020\/wp-content\/uploads\/2020\/09\/WhatsApp-Image-2020-09-14-at-22.06.31-1024x768.jpeg 1024w, https:\/\/obispadosanfelipe.cl\/2020\/wp-content\/uploads\/2020\/09\/WhatsApp-Image-2020-09-14-at-22.06.31-768x576.jpeg 768w, https:\/\/obispadosanfelipe.cl\/2020\/wp-content\/uploads\/2020\/09\/WhatsApp-Image-2020-09-14-at-22.06.31.jpeg 1032w\" sizes=\"(max-width: 495px) 100vw, 495px\" \/><\/p>\n<p>&nbsp;<\/p>\n<p>Fuente: Oficina de Comunicaciones<\/p>\n","protected":false},"excerpt":{"rendered":"<p>El pasado domingo 13 de septiembre el grupo \u201cCon Cristo y Mar\u00eda vamos a tu encuentro\u201d perteneciente al Movimiento de Schoenstatt entreg\u00f3 18 cajas de alimentos para adultos mayores de&hellip;<\/p>\n","protected":false},"author":1,"featured_media":3473,"comment_status":"closed","ping_status":"open","sticky":false,"template":"","format":"standard","meta":[],"categories":[6,5],"tags":[],"_links":{"self":[{"href":"https:\/\/obispadosanfelipe.cl\/2020\/wp-json\/wp\/v2\/posts\/3472"}],"collection":[{"href":"https:\/\/obispadosanfelipe.cl\/2020\/wp-json\/wp\/v2\/posts"}],"about":[{"href":"https:\/\/obispadosanfelipe.cl\/2020\/wp-json\/wp\/v2\/types\/post"}],"author":[{"embeddable":true,"href":"https:\/\/obispadosanfelipe.cl\/2020\/wp-json\/wp\/v2\/users\/1"}],"replies":[{"embeddable":true,"href":"https:\/\/obispadosanfelipe.cl\/2020\/wp-json\/wp\/v2\/comments?post=3472"}],"version-history":[{"count":0,"href":"https:\/\/obispadosanfelipe.cl\/2020\/wp-json\/wp\/v2\/posts\/3472\/revisions"}],"wp:featuredmedia":[{"embeddable":true,"href":"https:\/\/obispadosanfelipe.cl\/2020\/wp-json\/wp\/v2\/media\/3473"}],"wp:attachment":[{"href":"https:\/\/obispadosanfelipe.cl\/2020\/wp-json\/wp\/v2\/media?parent=3472"}],"wp:term":[{"taxonomy":"category","embeddable":true,"href":"https:\/\/obispadosanfelipe.cl\/2020\/wp-json\/wp\/v2\/categories?post=3472"},{"taxonomy":"post_tag","embeddable":true,"href":"https:\/\/obispadosanfelipe.cl\/2020\/wp-json\/wp\/v2\/tags?post=3472"}],"curies":[{"name":"wp","href":"https:\/\/api.w.org\/{rel}","templated":true}]}}