{"id":3484,"date":"2020-09-15T16:01:41","date_gmt":"2020-09-15T16:01:41","guid":{"rendered":"https:\/\/obispadosanfelipe.cl\/2020\/?p=3484"},"modified":"2020-09-15T16:01:41","modified_gmt":"2020-09-15T16:01:41","slug":"parroquia-de-rinconada-de-silva-recibe-la-visita-del-padre-gonzalo-bravo-alvarez-en-la-ermita","status":"publish","type":"post","link":"https:\/\/obispadosanfelipe.cl\/2020\/parroquia-de-rinconada-de-silva-recibe-la-visita-del-padre-gonzalo-bravo-alvarez-en-la-ermita\/","title":{"rendered":"Parroquia de Rinconada de Silva recibe la visita del Padre Gonzalo Bravo \u00c1lvarez en la Ermita"},"content":{"rendered":"<p>El Pastor de la Iglesia diocesana de Aconcagua, ha visitado la Parroquia Nuestra Se\u00f1ora del Carmen de Rinconada de Silva, celebrando la Eucarist\u00eda en la Ermita Carmelitana de los Ba\u00f1os del Parr\u00f3n.<\/p>\n<p>En un itinerario y recorrido que el obispo diocesano est\u00e1 realizando por cada parroquia de nuestra di\u00f3cesis, tomando el pulso pastoral con las identidades particulares de cada una de ellas, el Padre Gonzalo Bravo acogi\u00f3 la invitaci\u00f3n del P\u00e1rroco Fabi\u00e1n Castro Marchant, de poder conocer uno de los santuarios naturales con un patrimonio hist\u00f3rico en la comuna de Putaendo, como es el sector de los Ba\u00f1os del Parr\u00f3n.<\/p>\n<p>All\u00ed tomando todas las medidas de prevenci\u00f3n y de autocuidado, en la tem\u00e1tica del distanciamiento social, y de la cantidad de feligreses, pudo conocer, caminar e impregnarse de la belleza natural de nuestro sector de la Rinconada de Silva.<\/p>\n<p>El Padre Gonzalo Bravo, se manifest\u00f3 profundamente feliz de poder conocer este \u201cTrozo de Cielo en la Tierra\u201d, enclavado entre los montes imponentes del valle de Putaendo. Indic\u00f3 que la riqueza de la espiritualidad carmelitana, en honor a nuestra Patrona de Chile la Virgen del Carmen, sin duda es el motor y aliciente de la vida espiritual de esta hermosa parroquia, que bajo la protecci\u00f3n de la Madre del Salvador, ha ido forjando la historia de nuestra Patria.<\/p>\n<p>El Padre Gonzalo, manifest\u00f3 una vez m\u00e1s su deseo de caminar con el pueblo fiel, y con aquellos que quieren ir conociendo m\u00e1s y m\u00e1s la relevancia que tiene el Evangelio encarnado de Jesucristo, en la multiplicidad de situaciones humanas, sociales, pol\u00edticas y religiosas del presente.<\/p>\n<p>Indico que en este momento a nivel diocesano, se est\u00e1 organizando una din\u00e1mica de escucha y de estar atentos a los nuevos desaf\u00edos pastorales y administrativos que una di\u00f3cesis como la de San Felipe de Aconcagua, requieren. Se ha reunido con diferentes estamentos, en el \u00e1mbito de la Juventud, los Migrantes, la Educaci\u00f3n y la catequesis en general, para juntos poder ir dando cuerpo a la pastoral org\u00e1nica diocesana; dentro de sus objetivos est\u00e1 el no imponer ninguna estrategia, sino suscitar un liderazgo distributivo, en el cual los laicos, los sacerdotes, las religiosas y todos los estamentos que componen la vida de una sociedad, puedan estar presentes, sin exclusi\u00f3n.<\/p>\n<p>Su experiencia de P\u00e1rroco de la muy conocida Parroquia la Matriz de la ciudad de Valpara\u00edso, ha sido su escuela maestra, es por ello que el mismo manifiesta, que es para la di\u00f3cesis de San Felipe, un peregrino, que un d\u00eda est\u00e1 en sus labores administrativas, y al otro d\u00eda est\u00e1 en terreno, visitando campamentos y tomas de migrantes, visitando los extremos de cada uno de tres decanatos, en contacto con las personas, escuchando sus necesidades y brind\u00e1ndoles algo tan necesario para este tiempo de pandemia, como es la contenci\u00f3n socio-emocional en clave espiritual.<\/p>\n<p>&nbsp;<\/p>\n<p>Fuente: Oscar\u00a0 Garc\u00eda C\u00e1rdenas<\/p>\n","protected":false},"excerpt":{"rendered":"<p>El Pastor de la Iglesia diocesana de Aconcagua, ha visitado la Parroquia Nuestra Se\u00f1ora del Carmen de Rinconada de Silva, celebrando la Eucarist\u00eda en la Ermita Carmelitana de los Ba\u00f1os&hellip;<\/p>\n","protected":false},"author":1,"featured_media":3485,"comment_status":"closed","ping_status":"open","sticky":false,"template":"","format":"standard","meta":[],"categories":[6,5],"tags":[],"_links":{"self":[{"href":"https:\/\/obispadosanfelipe.cl\/2020\/wp-json\/wp\/v2\/posts\/3484"}],"collection":[{"href":"https:\/\/obispadosanfelipe.cl\/2020\/wp-json\/wp\/v2\/posts"}],"about":[{"href":"https:\/\/obispadosanfelipe.cl\/2020\/wp-json\/wp\/v2\/types\/post"}],"author":[{"embeddable":true,"href":"https:\/\/obispadosanfelipe.cl\/2020\/wp-json\/wp\/v2\/users\/1"}],"replies":[{"embeddable":true,"href":"https:\/\/obispadosanfelipe.cl\/2020\/wp-json\/wp\/v2\/comments?post=3484"}],"version-history":[{"count":0,"href":"https:\/\/obispadosanfelipe.cl\/2020\/wp-json\/wp\/v2\/posts\/3484\/revisions"}],"wp:featuredmedia":[{"embeddable":true,"href":"https:\/\/obispadosanfelipe.cl\/2020\/wp-json\/wp\/v2\/media\/3485"}],"wp:attachment":[{"href":"https:\/\/obispadosanfelipe.cl\/2020\/wp-json\/wp\/v2\/media?parent=3484"}],"wp:term":[{"taxonomy":"category","embeddable":true,"href":"https:\/\/obispadosanfelipe.cl\/2020\/wp-json\/wp\/v2\/categories?post=3484"},{"taxonomy":"post_tag","embeddable":true,"href":"https:\/\/obispadosanfelipe.cl\/2020\/wp-json\/wp\/v2\/tags?post=3484"}],"curies":[{"name":"wp","href":"https:\/\/api.w.org\/{rel}","templated":true}]}}