{"id":3489,"date":"2020-09-15T20:33:48","date_gmt":"2020-09-15T20:33:48","guid":{"rendered":"https:\/\/obispadosanfelipe.cl\/2020\/?p=3489"},"modified":"2020-09-15T20:33:48","modified_gmt":"2020-09-15T20:33:48","slug":"entrevista-al-padre-sergio-barahona-parroco-de-la-ligua","status":"publish","type":"post","link":"https:\/\/obispadosanfelipe.cl\/2020\/entrevista-al-padre-sergio-barahona-parroco-de-la-ligua\/","title":{"rendered":"Entrevista al Padre Sergio Barahona, p\u00e1rroco de La Ligua"},"content":{"rendered":"<p>Conversamos con el Padre Sergio Barahona de la Parroquia Santo Domingo de Guzm\u00e1n de La Ligua, la parroquia m\u00e1s antigua de toda la Di\u00f3cesis de San Felipe de Aconcagua, donde abordo diferentes temas relacionados con la actual situaci\u00f3n que vive nuestro pa\u00eds.<\/p>\n<p><strong>\u00bfC\u00f3mo ha vivido su ministerio sacerdotal este tiempo de pandemia, especialmente considerando que estuvieron los templos cerrados?<\/strong><\/p>\n<p>Este tiempo de pandemia lo he vivido de una manera bastante ajetreada porque no hemos dejado nunca de atender las necesidades de los cementerios y los funerales. Yo hago ah\u00ed el responso para las personas. Tambi\u00e9n la visita de enfermos graves, solamente graves, porque evitamos tambi\u00e9n ser foco de contagio. Yo no he dejado nunca tambi\u00e9n de trasmitir la misa del fin de semana a trav\u00e9s de nuestra radio Santo Domingo y de las redes sociales. Tambi\u00e9n tratando de hacer funcionar la oficina. Con atenci\u00f3n solamente tres veces a la semana. Ahora ya hemos cambiando a toda las semana en horario parcializados y solamente la ma\u00f1ana.<\/p>\n<p><strong>\u00bfQu\u00e9 ha significado para Ud. celebrar la eucarist\u00eda solo sin la presencia del Pueblo de Dios?<\/strong><\/p>\n<p>En cuanto a celebraci\u00f3n sin la compa\u00f1\u00eda de los fieles, me ha costado mucho en realidad. O sea, es triste mirar hacia las bancas de las bancas vac\u00eda, estar con muy poquita gente celebrando. Extra\u00f1aba mucho, pero tambi\u00e9n a trav\u00e9s de la radio y de las redes, tratado de que no perdamos ese contacto. Cuando alguien escribe, por favor, reza por esta persona. Trato de incluirla en la misa porque estoy atento en el mismo altar con un dispositivo m\u00f3vil para ver lo que la gente va colocando. Si he extra\u00f1o mucho \u00a0poder compartir con la gente. El poder hacer una homil\u00eda cara a cara.<\/p>\n<p><strong>\u00bfCu\u00e1l ha sido el rol que ha tenido la radio Santo Domingo en la educaci\u00f3n de la comunidad en este tiempo?<\/strong><\/p>\n<p>En cuanto a nuestra radio Santo Domingo, hemos tratado de incluir el proyecto de prevenci\u00f3n de en torno al COVD- 19 y hemos tratado tambi\u00e9n de privilegiar opiniones que vengan de facultativos, de gente que conoce el tema y de otros temas tambi\u00e9n utilizar la radio como medio de informaci\u00f3n y en la educaci\u00f3n.<\/p>\n<p><strong>La comunidad de Valle Hermoso tiene un comedor solidario, que adem\u00e1s ha generado una alianza importante con los hermanos evang\u00e9licos, nos puede hablar sobre este servicio?<\/strong><\/p>\n<p>Nuestro comedor solidario parte primero por lo que estaban haciendo una comunidad evang\u00e9lica en el sector de Valle Hermoso y ellos en ese tiempo daban almuerzo a 150 personas, comenzamos apoy\u00e1ndolos, porque solo funcionan unos d\u00edas, y de ah\u00ed nace la idea de hacer almuerzos el resto de los d\u00edas. Despu\u00e9s nuestras voluntarias que son el grupo de catequista y en el grupo catequista de Valle Hermoso, dieron pie a que pudi\u00e9ramos funcionar los otros d\u00edas y aumentar la cantidad.<\/p>\n<p>Dios nos ha ayudado un mont\u00f3n en cuanto a recursos, porque la gente nos ha cooperado de manera bien importante. De hecho, este comedor se mantiene por la generosidad de las personas y por la gracia de Dios. Tanto as\u00ed que hemos. Continuado el contacto con de hermanos evang\u00e9licos, tratando de compartir \u00a0los alimentos que tenemos. Y ah\u00ed surgi\u00f3 una amistad y \u00a0solidaridad entre los dos comedores. Ellos nos han compartido de lo que ellos tienen, limones principalmente y otras cosas. Y ha sido muy bonito el poder tener este v\u00ednculo con el pastor Saulo, y con la pastora su se\u00f1ora y con su comunidad. En este tiempo de pandemia nos ha llevado tambi\u00e9n a abrir nuestro coraz\u00f3n al encuentro y a la ayuda.<\/p>\n<p><strong>\u00bfDurante este tiempo se han llevado a cabo varias acciones solidarias, especialmente entorno a entregar ayuda a las familias m\u00e1s vulnerables, cu\u00e1l ha sido el trabajo pastoral realizado en la parroquia?<\/strong><\/p>\n<p>En cuanto a nuestra pastoral social, llevamos varios a\u00f1os ya funcionando con un equipo de voluntarios a cargo, un asistente social en el cual hemos tratado de llegar a 40 o 50 familias, que todos los meses lo apoyamos con una canasta de alimentos. Conocemos las familias que ayudamos. Son los mismos agentes pastorales los que nos presentaron los casos de personas que necesitan nuestra ayuda. No son an\u00f3nimos, sabemos su circunstancia. Son nuestros mismos agentes pastorales los que llevan esa ayuda mensualmente y las cosas se re\u00fanen a trav\u00e9s de lo que aportan nuestros propios feligreses.<\/p>\n<p>&nbsp;<\/p>\n<p><img loading=\"lazy\" class=\"alignnone  wp-image-3491\" src=\"https:\/\/obispadosanfelipe.cl\/2020\/wp-content\/uploads\/2020\/09\/116881404_3357255177672343_1797354982747476478_o-300x124.jpg\" alt=\"\" width=\"803\" height=\"332\" srcset=\"https:\/\/obispadosanfelipe.cl\/2020\/wp-content\/uploads\/2020\/09\/116881404_3357255177672343_1797354982747476478_o-300x124.jpg 300w, https:\/\/obispadosanfelipe.cl\/2020\/wp-content\/uploads\/2020\/09\/116881404_3357255177672343_1797354982747476478_o-768x318.jpg 768w, https:\/\/obispadosanfelipe.cl\/2020\/wp-content\/uploads\/2020\/09\/116881404_3357255177672343_1797354982747476478_o.jpg 960w\" sizes=\"(max-width: 803px) 100vw, 803px\" \/><\/p>\n<p><strong>En la parroquia UD. se cre\u00f3 un grupo de\u00a0 Scout, que actividades han podido realizar durante este periodo y \u00bfcu\u00e1l es la importancia que tienen para UD. lograr acercar a los j\u00f3venes a la Iglesia?.<\/strong><\/p>\n<p>Hace cuatro a\u00f1os creamos el grupo de Scouts. Yo, yo fui scouts, creo en el sistema de trabajo y de formaci\u00f3n del movimiento. Su l\u00ednea de formaci\u00f3n, ha sido buena para todos los j\u00f3venes de toda \u00e9poca. Veo tambi\u00e9n que nuestros ni\u00f1os y j\u00f3venes tienden a permanecer en torno al movimiento y a la parroquia. Creo tambi\u00e9n que es necesario que nuestro grupo scouts sea una comunidad dentro de la parroquia, participando en la vida parroquial. Ha sido un desaf\u00edo y bonito descubrir la manera de vincular a los ni\u00f1os y j\u00f3venes a nuestra parroquia en torno a los Scouts. Tambi\u00e9n tengo que decir que eso me asegura 80 j\u00f3venes y ni\u00f1os en la parroquia siempre, todos los fines, semana a semana, metiendo bulla y haciendo sus actividades y d\u00e1ndole vida a la parroquia, que es lo que hace falta.<\/p>\n<p><strong>La realidad social en estos \u00faltimos a\u00f1os ha cambiado, especialmente nuestro pa\u00eds con el estallido social se puso en evidencia la profunda desigualdad, frente a esta panorama \u00bfcu\u00e1l es el mensaje que la Iglesia tiene para dar respuesta a esta problem\u00e1tica?.<\/strong><\/p>\n<p>En cuanto al estallido social, yo estoy de acuerdo plenamente en torno a las desigualdades que se han denunciado,\u00a0 pero lo que nunca voy a estar de acuerdo que tenga que ser por v\u00eda de la violencia, Si concuerdo que en Chile tiene que producirse un cambio profundo y dentro de nuestra Iglesia tiene tambi\u00e9n que producirse un cambio profundo en la manera de c\u00f3mo estamos realizando la pastoral y el mensaje de fe que damos frente a esta realidad.<\/p>\n<p>&nbsp;<\/p>\n<p>&nbsp;<\/p>\n<p>Fuente: Oficina de Comunicaciones.<\/p>\n","protected":false},"excerpt":{"rendered":"<p>Conversamos con el Padre Sergio Barahona de la Parroquia Santo Domingo de Guzm\u00e1n de La Ligua, la parroquia m\u00e1s antigua de toda la Di\u00f3cesis de San Felipe de Aconcagua, donde&hellip;<\/p>\n","protected":false},"author":1,"featured_media":3490,"comment_status":"closed","ping_status":"open","sticky":false,"template":"","format":"standard","meta":[],"categories":[6,5],"tags":[],"_links":{"self":[{"href":"https:\/\/obispadosanfelipe.cl\/2020\/wp-json\/wp\/v2\/posts\/3489"}],"collection":[{"href":"https:\/\/obispadosanfelipe.cl\/2020\/wp-json\/wp\/v2\/posts"}],"about":[{"href":"https:\/\/obispadosanfelipe.cl\/2020\/wp-json\/wp\/v2\/types\/post"}],"author":[{"embeddable":true,"href":"https:\/\/obispadosanfelipe.cl\/2020\/wp-json\/wp\/v2\/users\/1"}],"replies":[{"embeddable":true,"href":"https:\/\/obispadosanfelipe.cl\/2020\/wp-json\/wp\/v2\/comments?post=3489"}],"version-history":[{"count":0,"href":"https:\/\/obispadosanfelipe.cl\/2020\/wp-json\/wp\/v2\/posts\/3489\/revisions"}],"wp:featuredmedia":[{"embeddable":true,"href":"https:\/\/obispadosanfelipe.cl\/2020\/wp-json\/wp\/v2\/media\/3490"}],"wp:attachment":[{"href":"https:\/\/obispadosanfelipe.cl\/2020\/wp-json\/wp\/v2\/media?parent=3489"}],"wp:term":[{"taxonomy":"category","embeddable":true,"href":"https:\/\/obispadosanfelipe.cl\/2020\/wp-json\/wp\/v2\/categories?post=3489"},{"taxonomy":"post_tag","embeddable":true,"href":"https:\/\/obispadosanfelipe.cl\/2020\/wp-json\/wp\/v2\/tags?post=3489"}],"curies":[{"name":"wp","href":"https:\/\/api.w.org\/{rel}","templated":true}]}}