{"id":3494,"date":"2020-09-16T12:40:00","date_gmt":"2020-09-16T12:40:00","guid":{"rendered":"https:\/\/obispadosanfelipe.cl\/2020\/?p=3494"},"modified":"2020-09-16T00:41:37","modified_gmt":"2020-09-16T00:41:37","slug":"suspension-de-misas-con-la-presencia-de-fieles","status":"publish","type":"post","link":"https:\/\/obispadosanfelipe.cl\/2020\/suspension-de-misas-con-la-presencia-de-fieles\/","title":{"rendered":"Suspensi\u00f3n de misas con la presencia de fieles"},"content":{"rendered":"<p>Informamos a la comunidad que durante los d\u00edas 18, 19 y 20 se suspende la celebraci\u00f3n de la Eucarist\u00eda de manera presencial por disposiciones de la autoridad sanitaria, para evitar el aumento de contagios por COVID-19 en estas celebraciones.<\/p>\n<p>Invitamos a todos a seguir por las diferentes plataformas y redes sociales las celebraciones de la Eucarist\u00eda que las parroquias de nuestra di\u00f3cesis trasmitir\u00e1n, para llegar de manera directa a sus hogares.<\/p>\n<p>Entre todos nos cuidamos y recordar que debemos cumplir las disposiciones sanitarias.<\/p>\n<p>&nbsp;<\/p>\n<p>Fuente: Oficina de Comunicaciones<\/p>\n","protected":false},"excerpt":{"rendered":"<p>Informamos a la comunidad que durante los d\u00edas 18, 19 y 20 se suspende la celebraci\u00f3n de la Eucarist\u00eda de manera presencial por disposiciones de la autoridad sanitaria, para evitar&hellip;<\/p>\n","protected":false},"author":1,"featured_media":3495,"comment_status":"closed","ping_status":"open","sticky":false,"template":"","format":"standard","meta":[],"categories":[6,5],"tags":[],"_links":{"self":[{"href":"https:\/\/obispadosanfelipe.cl\/2020\/wp-json\/wp\/v2\/posts\/3494"}],"collection":[{"href":"https:\/\/obispadosanfelipe.cl\/2020\/wp-json\/wp\/v2\/posts"}],"about":[{"href":"https:\/\/obispadosanfelipe.cl\/2020\/wp-json\/wp\/v2\/types\/post"}],"author":[{"embeddable":true,"href":"https:\/\/obispadosanfelipe.cl\/2020\/wp-json\/wp\/v2\/users\/1"}],"replies":[{"embeddable":true,"href":"https:\/\/obispadosanfelipe.cl\/2020\/wp-json\/wp\/v2\/comments?post=3494"}],"version-history":[{"count":0,"href":"https:\/\/obispadosanfelipe.cl\/2020\/wp-json\/wp\/v2\/posts\/3494\/revisions"}],"wp:featuredmedia":[{"embeddable":true,"href":"https:\/\/obispadosanfelipe.cl\/2020\/wp-json\/wp\/v2\/media\/3495"}],"wp:attachment":[{"href":"https:\/\/obispadosanfelipe.cl\/2020\/wp-json\/wp\/v2\/media?parent=3494"}],"wp:term":[{"taxonomy":"category","embeddable":true,"href":"https:\/\/obispadosanfelipe.cl\/2020\/wp-json\/wp\/v2\/categories?post=3494"},{"taxonomy":"post_tag","embeddable":true,"href":"https:\/\/obispadosanfelipe.cl\/2020\/wp-json\/wp\/v2\/tags?post=3494"}],"curies":[{"name":"wp","href":"https:\/\/api.w.org\/{rel}","templated":true}]}}