{"id":3497,"date":"2020-09-16T13:50:58","date_gmt":"2020-09-16T13:50:58","guid":{"rendered":"https:\/\/obispadosanfelipe.cl\/2020\/?p=3497"},"modified":"2020-09-16T13:52:05","modified_gmt":"2020-09-16T13:52:05","slug":"programa-de-la-fiesta-de-la-virgen-2020-nuestra-senora-de-la-merced-de-petorca","status":"publish","type":"post","link":"https:\/\/obispadosanfelipe.cl\/2020\/programa-de-la-fiesta-de-la-virgen-2020-nuestra-senora-de-la-merced-de-petorca\/","title":{"rendered":"Programa de la Fiesta de la Virgen 2020 Nuestra Se\u00f1ora de la Merced\u201d de Petorca"},"content":{"rendered":"<p>Con el lema: \u201c<strong>Virgen de la Merced, intercede ante tu hijo, para\u00a0 que aleje de nosotros esta pandemia<\/strong>\u201d, se realizar\u00e1 esta fiesta en honor a nuestra Madre.<\/p>\n<p>&nbsp;<\/p>\n<p>A continuaci\u00f3n compartimos el programa completo de todas las actividades organizadas por la comunidad.<\/p>\n<p>&nbsp;<\/p>\n<p>REZO DE LA NOVENA Y SANTA MISA A LAS 18:30 HORAS<\/p>\n<p>Sera Transmitida desde el templo por.<\/p>\n<p>Radio Nuestra Sra de la Merced 107.5\u00a0 Fm<\/p>\n<p>Facebook de nuestra Parroquia<\/p>\n<p>TV Petorca &#8211; Canal 39<\/p>\n<p>&nbsp;<\/p>\n<p><strong>LUNES\u00a0 21 DE SEPTIEMBRE DIA DE LA ORACI\u00d3N POR LA CATEQUESIS<\/strong><\/p>\n<p>Madre de la Merced, intercede por los catequistas, para que abunden al servicio de la Iglesia y puedan actuar en la presencia de Dios, y pronto se vuelvan a retomar los sacramentos.<\/p>\n<p>&nbsp;<\/p>\n<p><strong>MARTES 22 DE SEPTIEMBRE DIA DE LA ORACI\u00d3N POR LOS NI\u00d1OS Y NI\u00d1AS.<\/strong><\/p>\n<p>Virgen Madre de la Merced, intercede por los ni\u00f1os de nuestra comuna, ya que ellos han vivido un tiempo dif\u00edcil en su crecimiento, qued\u00e1ndose en casa por razones sanitarias.<\/p>\n<p>&nbsp;<\/p>\n<p><strong>MI\u00c9RCOLES 23 DE SEPTIEMBRE DIA DE LA\u00a0 ORACI\u00d3N POR LOS ENFERMOS Y PERSONAL DE SALUD.<\/strong><\/p>\n<p>Madre Nuestra, protege a los m\u00e9dicos, a los enfermos al personal sanitario, y todos los que padecen alg\u00fan tipo de enfermedad, para que Dios les devuelva la salud.<\/p>\n<p>&nbsp;<\/p>\n<p><strong>JUEVES 24 DE SEPTIEMBRE DIA DE LA ORACI\u00d3N POR LOS DIFUNTOS.<\/strong><\/p>\n<p>Mar\u00eda de la Merced, consuela a los que est\u00e1n confundidos y lloran la p\u00e9rdida de un ser querido, por los que partieron durante esta pandemia, y no tuvieron la oportunidad de recibir el perd\u00f3n.<\/p>\n<p>&nbsp;<\/p>\n<p><strong>VIERNES 25\u00a0\u00a0 DE\u00a0 SEPTIEMBRE DE LA ORACI\u00d3N POR LAS FAMILIAS.<\/strong><\/p>\n<p>Virgen Santa, bendice a las familias que est\u00e1n llamadas a acompa\u00f1ar a sus hijos durante este tiempo de tribulaci\u00f3n, a cuidar a los ancianos, a los afectados por esta pandemia, para que brille el amor de Dios.<\/p>\n<p>&nbsp;<\/p>\n<p><strong>S\u00c1BADO 26 DE\u00a0 SEPTIEMBRE DE LA ORACI\u00d3N POR LAS VOCACIONES.<\/strong><\/p>\n<p>Virgen Mar\u00eda de la Merced, danos vocaciones, danos sacerdotes, inspira una respuesta generosa y valiente en los corazones de tu pueblo, para aumentar el n\u00famero de consagrados.<\/p>\n<p>&nbsp;<\/p>\n<p><strong>DOMINGO 27 DE\u00a0 SEPTIEMBRE DIA DE LA FESTIVIAD.<\/strong><\/p>\n<p>MISA SOLEMNE: 12:00 HORAS CON LA TRADICIONAL BAJADA DE LA VIRGEN DESDE SU TRONO.<\/p>\n<p>PROCESI\u00d3N por las calles de nuestro pueblo: 15:30hrs<\/p>\n<p>La Virgen har\u00e1 su recorrido en una camioneta por calles de la ciudad, acompa\u00f1ada de veh\u00edculos que se sumen. Les pedimos que arreglen sus frontis de las casas, para honrar a la Madre de Dios. Ella se detendr\u00e1 en 4 altares solamente: La sede de la Chimba, el hospital, el Llano y la c\u00e1rcel.<\/p>\n<p>&nbsp;<\/p>\n<p>Condicionados por la pandemia del corona virus honramos a la reina y soberana de Petorca.<\/p>\n","protected":false},"excerpt":{"rendered":"<p>Con el lema: \u201cVirgen de la Merced, intercede ante tu hijo, para\u00a0 que aleje de nosotros esta pandemia\u201d, se realizar\u00e1 esta fiesta en honor a nuestra Madre. &nbsp; A continuaci\u00f3n&hellip;<\/p>\n","protected":false},"author":1,"featured_media":3498,"comment_status":"closed","ping_status":"open","sticky":false,"template":"","format":"standard","meta":[],"categories":[6,5],"tags":[],"_links":{"self":[{"href":"https:\/\/obispadosanfelipe.cl\/2020\/wp-json\/wp\/v2\/posts\/3497"}],"collection":[{"href":"https:\/\/obispadosanfelipe.cl\/2020\/wp-json\/wp\/v2\/posts"}],"about":[{"href":"https:\/\/obispadosanfelipe.cl\/2020\/wp-json\/wp\/v2\/types\/post"}],"author":[{"embeddable":true,"href":"https:\/\/obispadosanfelipe.cl\/2020\/wp-json\/wp\/v2\/users\/1"}],"replies":[{"embeddable":true,"href":"https:\/\/obispadosanfelipe.cl\/2020\/wp-json\/wp\/v2\/comments?post=3497"}],"version-history":[{"count":0,"href":"https:\/\/obispadosanfelipe.cl\/2020\/wp-json\/wp\/v2\/posts\/3497\/revisions"}],"wp:featuredmedia":[{"embeddable":true,"href":"https:\/\/obispadosanfelipe.cl\/2020\/wp-json\/wp\/v2\/media\/3498"}],"wp:attachment":[{"href":"https:\/\/obispadosanfelipe.cl\/2020\/wp-json\/wp\/v2\/media?parent=3497"}],"wp:term":[{"taxonomy":"category","embeddable":true,"href":"https:\/\/obispadosanfelipe.cl\/2020\/wp-json\/wp\/v2\/categories?post=3497"},{"taxonomy":"post_tag","embeddable":true,"href":"https:\/\/obispadosanfelipe.cl\/2020\/wp-json\/wp\/v2\/tags?post=3497"}],"curies":[{"name":"wp","href":"https:\/\/api.w.org\/{rel}","templated":true}]}}