{"id":3501,"date":"2020-09-16T14:29:53","date_gmt":"2020-09-16T14:29:53","guid":{"rendered":"https:\/\/obispadosanfelipe.cl\/2020\/?p=3501"},"modified":"2020-09-16T14:29:53","modified_gmt":"2020-09-16T14:29:53","slug":"informamos-a-la-comunidad-sobre-el-estado-de-salud-de-p-mauricio-cruz","status":"publish","type":"post","link":"https:\/\/obispadosanfelipe.cl\/2020\/informamos-a-la-comunidad-sobre-el-estado-de-salud-de-p-mauricio-cruz\/","title":{"rendered":"Informamos a la comunidad sobre el estado de salud de P. Mauricio Cruz"},"content":{"rendered":"<p>Comunicamos a la comunidad que el Padre Mauricio Cruz, p\u00e1rroco de la Parroquia Santa Rosa de Los Andes, el d\u00eda de ayer sufri\u00f3 una descompensaci\u00f3n en su presi\u00f3n arterial, por ello est\u00e1 internado en Santiago, y no puede recibir visitas o llamadas telef\u00f3nicas, por los protocolos sanitarios.<\/p>\n<p>&nbsp;<\/p>\n<p>El Padre Mauricio, en el d\u00eda de hoy se encuentra estabilizado, tranquilo y con fe de volver pronto a la parroquia y a continuar con sus servicios pastorales, que realiza en nuestra di\u00f3cesis.<\/p>\n<p>&nbsp;<\/p>\n<p>Invitamos a todos a unirnos en oraci\u00f3n por la salud del Padre Mauricio y que \u00a1Dios, les bendiga!<\/p>\n<p>&nbsp;<\/p>\n<p>Fuente: Parroquia Santa Rosa de Los Andes.<\/p>\n","protected":false},"excerpt":{"rendered":"<p>Comunicamos a la comunidad que el Padre Mauricio Cruz, p\u00e1rroco de la Parroquia Santa Rosa de Los Andes, el d\u00eda de ayer sufri\u00f3 una descompensaci\u00f3n en su presi\u00f3n arterial, por&hellip;<\/p>\n","protected":false},"author":1,"featured_media":3502,"comment_status":"closed","ping_status":"open","sticky":false,"template":"","format":"standard","meta":[],"categories":[6,5],"tags":[],"_links":{"self":[{"href":"https:\/\/obispadosanfelipe.cl\/2020\/wp-json\/wp\/v2\/posts\/3501"}],"collection":[{"href":"https:\/\/obispadosanfelipe.cl\/2020\/wp-json\/wp\/v2\/posts"}],"about":[{"href":"https:\/\/obispadosanfelipe.cl\/2020\/wp-json\/wp\/v2\/types\/post"}],"author":[{"embeddable":true,"href":"https:\/\/obispadosanfelipe.cl\/2020\/wp-json\/wp\/v2\/users\/1"}],"replies":[{"embeddable":true,"href":"https:\/\/obispadosanfelipe.cl\/2020\/wp-json\/wp\/v2\/comments?post=3501"}],"version-history":[{"count":0,"href":"https:\/\/obispadosanfelipe.cl\/2020\/wp-json\/wp\/v2\/posts\/3501\/revisions"}],"wp:featuredmedia":[{"embeddable":true,"href":"https:\/\/obispadosanfelipe.cl\/2020\/wp-json\/wp\/v2\/media\/3502"}],"wp:attachment":[{"href":"https:\/\/obispadosanfelipe.cl\/2020\/wp-json\/wp\/v2\/media?parent=3501"}],"wp:term":[{"taxonomy":"category","embeddable":true,"href":"https:\/\/obispadosanfelipe.cl\/2020\/wp-json\/wp\/v2\/categories?post=3501"},{"taxonomy":"post_tag","embeddable":true,"href":"https:\/\/obispadosanfelipe.cl\/2020\/wp-json\/wp\/v2\/tags?post=3501"}],"curies":[{"name":"wp","href":"https:\/\/api.w.org\/{rel}","templated":true}]}}