{"id":3509,"date":"2020-09-17T19:18:31","date_gmt":"2020-09-17T19:18:31","guid":{"rendered":"https:\/\/obispadosanfelipe.cl\/2020\/?p=3509"},"modified":"2020-09-17T19:24:29","modified_gmt":"2020-09-17T19:24:29","slug":"fiesta-patronal-nuestra-senora-del-rosario-de-andacollo-2020","status":"publish","type":"post","link":"https:\/\/obispadosanfelipe.cl\/2020\/fiesta-patronal-nuestra-senora-del-rosario-de-andacollo-2020\/","title":{"rendered":"\u00a0Fiesta Patronal Nuestra Se\u00f1ora del Rosario de Andacollo 2020"},"content":{"rendered":"<p>Con el lema: \u00abMAR\u00cdA DE ANDACOLLO, JUNTO AL DOLOR DE SU PUEBLO\u00bb, se realizar\u00e1 la fiesta patronal de Nuestra Sra. del Rosario de Andacollo de este a\u00f1o, la que ser\u00e1 trasmitida en vivo por RED CRYSTAL, Facebook Live de \u00abEn vivo con Fe\u00bb y Facebook Parroquia Andacollo San Felipe.<\/p>\n<p>Novena desde el 24 de Septiembre al d\u00eda 03 de OCtubre<\/p>\n<p><strong>Domingo 27 de Septiembre<\/strong> Misa de la Chilenidad a las 12:00 hrs.<\/p>\n<p><strong>Viernes 02 de Octubre<\/strong> 20:00 Hrs Vigilia de los Difuntos.<\/p>\n<p><strong>S\u00e1bado 03 de Octubre<\/strong> 20:00 Hrs Caravana Nocturna por las Poblaci\u00f3n y Villas de la jurisdicci\u00f3n Parroquial.<\/p>\n<p><strong>Domingo 04 de Octubre Fiesta Patronal<\/strong>.<\/p>\n<p>Misas:<\/p>\n<p>07:00 AM<br \/>\n08:00 AM<br \/>\n09:00 AM<br \/>\n10:00 AM (MISA OFICIAL PATRONAL PRESIDIDA POR EL OBISPO DE SAN FELIPE)<br \/>\n12:00 AM (MISA JUNTO A LOS HUASOS DE ACONCAGUA)<br \/>\nGran Caravana en veh\u00edculos desde las 15:00 Hrs con la imagen de Mar\u00eda del Rosario de Andacollo por las calles de nuestra ciudad<\/p>\n","protected":false},"excerpt":{"rendered":"<p>Con el lema: \u00abMAR\u00cdA DE ANDACOLLO, JUNTO AL DOLOR DE SU PUEBLO\u00bb, se realizar\u00e1 la fiesta patronal de Nuestra Sra. del Rosario de Andacollo de este a\u00f1o, la que ser\u00e1&hellip;<\/p>\n","protected":false},"author":1,"featured_media":3510,"comment_status":"closed","ping_status":"open","sticky":false,"template":"","format":"standard","meta":[],"categories":[6,5],"tags":[],"_links":{"self":[{"href":"https:\/\/obispadosanfelipe.cl\/2020\/wp-json\/wp\/v2\/posts\/3509"}],"collection":[{"href":"https:\/\/obispadosanfelipe.cl\/2020\/wp-json\/wp\/v2\/posts"}],"about":[{"href":"https:\/\/obispadosanfelipe.cl\/2020\/wp-json\/wp\/v2\/types\/post"}],"author":[{"embeddable":true,"href":"https:\/\/obispadosanfelipe.cl\/2020\/wp-json\/wp\/v2\/users\/1"}],"replies":[{"embeddable":true,"href":"https:\/\/obispadosanfelipe.cl\/2020\/wp-json\/wp\/v2\/comments?post=3509"}],"version-history":[{"count":0,"href":"https:\/\/obispadosanfelipe.cl\/2020\/wp-json\/wp\/v2\/posts\/3509\/revisions"}],"wp:featuredmedia":[{"embeddable":true,"href":"https:\/\/obispadosanfelipe.cl\/2020\/wp-json\/wp\/v2\/media\/3510"}],"wp:attachment":[{"href":"https:\/\/obispadosanfelipe.cl\/2020\/wp-json\/wp\/v2\/media?parent=3509"}],"wp:term":[{"taxonomy":"category","embeddable":true,"href":"https:\/\/obispadosanfelipe.cl\/2020\/wp-json\/wp\/v2\/categories?post=3509"},{"taxonomy":"post_tag","embeddable":true,"href":"https:\/\/obispadosanfelipe.cl\/2020\/wp-json\/wp\/v2\/tags?post=3509"}],"curies":[{"name":"wp","href":"https:\/\/api.w.org\/{rel}","templated":true}]}}