{"id":3516,"date":"2020-09-18T15:19:00","date_gmt":"2020-09-18T15:19:00","guid":{"rendered":"https:\/\/obispadosanfelipe.cl\/2020\/?p=3516"},"modified":"2020-09-18T15:19:00","modified_gmt":"2020-09-18T15:19:00","slug":"iglesia-de-aconcagua-celebro-tradicional-te-deum-en-buen-pastor","status":"publish","type":"post","link":"https:\/\/obispadosanfelipe.cl\/2020\/iglesia-de-aconcagua-celebro-tradicional-te-deum-en-buen-pastor\/","title":{"rendered":"Iglesia de Aconcagua celebr\u00f3 tradicional Te Deum en Buen Pastor"},"content":{"rendered":"<p>El 17 de septiembre se celebr\u00f3 un nuevo Te Deum por el aniversario de nuestra patria, est\u00e1 celebraci\u00f3n fue presidida por el Padre Gonzalo Bravo \u00c1lvarez, Obispo diocesano, en los jardines del Complejo Patrimonial del Buen Pastor de San Felipe, cont\u00f3 con la presencia de autoridades de las provincias de San Felipe y Los Andes, los \u00a0Gobernadores \u00a0Claudio Rodr\u00edguez Cataldo y Sergio Salazar, los diputados Camila Flores y Luis Pardo, \u00a0los alcaldes Manuel Rivera de Los Andes, Pedro Caballer\u00eda de Rinconada y Claudio Zurita de Santa Mar\u00eda, el Comandante del Destacamento de Monta\u00f1a N\u00ba3 \u201cYungay\u201d\u00a0 CL. Patricio Ochoa Pe\u00f1ailillo, el representante de la Escuela de Monta\u00f1a Mayor Felipe Segovia Llanos, el Prefecto de Carabineros, CRL. Jorge Chab\u00e1n Vilches, los Consejeros Regionales Mario Sottolichio, Iv\u00e1n Reyes y Percy Mar\u00edn, adem\u00e1s de representante de organizaciones sociales, educacionales y las hermanas de la Congregaci\u00f3n del Buen Pastor.<\/p>\n<p>El Obispo Diocesano manifest\u00f3: \u201c<em>Te Deum es un antiguo poema escrito en lat\u00edn con el fin de redirigir nuestra mirada agradecida a Dios, reconoci\u00e9ndolo como Se\u00f1or y Padre. Alguien podr\u00eda objetar esta acci\u00f3n en tiempos de pandemia, de aislamiento social y de incerteza existencial. Para quienes tenemos fe, Dios es siempre fuente de bendici\u00f3n, a\u00fan en los dolores, los sufrimientos y las cruces que nos toque soportar. Nuestra fe cristiana no radica solo en el bien realizado por Jes\u00fas en beneficio de los hombres y mujeres de su tiempo, sino en el mal padecido por Jes\u00fas en la cruz en favor de toda la humanidad<\/em>\u201d<\/p>\n<p>Tambi\u00e9n el Padre Gonzalo expres\u00f3: \u00a0\u201c<em>queremos confiarte, una vez m\u00e1s, los destinos de nuestra patria y el recuerdo de nuestra historia. Queremos que t\u00fa, oh Dios, sigas siendo quien nos ayude a construir el futuro de nuestra naci\u00f3n. Estas tierras fueron testigos madrugadores del amanecer de la libertad de un pueblo que se hizo due\u00f1o de sus decisiones. Por estas monta\u00f1as, valles y mares, los caminos de autodeterminaci\u00f3n nacional se recorrieron sin vacilar y con denuedo. Hoy, nos disponemos a seguir escribiendo lo que nos corresponde, en esta historia que Chile surca adentrado ya el siglo XXI. Hoy, queremos darte gracias por tu paternidad. Nos hace bien como chilenos y chilenas reconocerte como Dios y Padre, como fuente de consuelo en esta vida y de encuentro total en el cielo<\/em>\u201d.<\/p>\n<p><strong>Llamados\u00a0 part\u00edcipes activos de la construcci\u00f3n de nuestra patria<\/strong><\/p>\n<p>M\u00e1s adelante hizo un llamado a participar en el proceso eleccionario del octubre, expresando: \u201c<em>A ti Dios, queremos encomendarte la consulta ciudadana referente a la carta constitucional, sabiendo que el coraz\u00f3n de una constituci\u00f3n solo tendr\u00e1 impacto si es que renovamos nuestro coraz\u00f3n con nuevos valores. Es importante sentirse part\u00edcipes activos de la construcci\u00f3n de nuestra patria;\u00a0 desde ya invito a cumplir con la obligaci\u00f3n c\u00edvica de ir a votar en el Plebiscito, no sin antes informarse adecuadamente. Parte importante de lo que queremos ser estar\u00e1 regido por la carta constitucional, que deber\u00e1 marcar el camino de desarrollo humano integral<\/em>\u201d.<\/p>\n<p>El Obispo Diocesano manifest\u00f3: \u201cLa pandemia nos tom\u00f3 por sorpresa y nos oblig\u00f3 a aislarnos; \u00a1cu\u00e1n duro ha sido para muchas personas ese confinamiento en una casa indigna y sola! Pero, por otro lado, cu\u00e1nto nos ha servido para conocernos entre nosotros mismos, como familia y como vecinos. La injusticia que escond\u00eda un supuesto sistema exitoso y de promoci\u00f3n econ\u00f3mica, se ha cambiado por iniciativas solidarias maravillosas, que nos hacen pensar que s\u00ed es posible construir un pa\u00eds m\u00e1s justo y solidario. Hay otros valores ciudadanos, y tambi\u00e9n cristianos, que han comenzado a emerger: el valor de estar juntos, la estabilidad en el cuidado de nuestros ni\u00f1os, ni\u00f1as y adolescentes, la necesaria cercan\u00eda hacia nuestros adultos mayores, el fortalecimiento de las oportunidades para nuestros j\u00f3venes\u201d.<\/p>\n<p><strong>Sobre la dimensi\u00f3n espiritual de la carta constitucional<\/strong><\/p>\n<p>El Obispo Diocesano expres\u00f3: \u201c<em>Por m\u00e1s pertinente que sea una carta constitucional, si esta no se pronuncia sobre los aspectos del sentido de la vida, el valor de la dimensi\u00f3n espiritual, el aseguramiento de las condiciones necesarias para gozar de una vida aut\u00e9nticamente humana, el fortalecimiento de las confianzas y el reposicionamiento del bien com\u00fan sobre la conveniencia personal, no ser\u00e1 sino una mera declaraci\u00f3n de principios que no afectar\u00e1 la vida real de quienes vivimos en esta hermosa tierra\u201d<\/em>.<\/p>\n<p>Para finalizar expres\u00f3 el Obispo de Aconcagua: \u201c<em>En esta ocasi\u00f3n queremos pedirte que tu paternidad divina nos anime a una fraternidad humana, en la que nadie se siente excluido ni menospreciado. Hoy son muchas las personas que se integran a nuestra sociedad desde otros pa\u00edses, culturas y tradiciones; esta realidad no es nueva para nosotros. Los pueblos originarios de nuestras tierras han visto llegar, a veces con violencia arrolladora, desde lejanas tierras a quienes hoy son parte de nuestra historia. Una vez m\u00e1s la providencia de Dios nos pone ante la misma oportunidad: acoger a quienes vienen de lejos para hacerlos sentir en casa, porque todos somos migrantes y caminantes hacia la casa celestial. Qu\u00e9 lindo ser\u00e1 rezar el \u2018Padre nuestro\u2019 si sentimos a cada persona que nos circunda como \u2018hermana, hermano\u2019 nuestro<\/em>.\u201d<\/p>\n<p><img loading=\"lazy\" class=\"alignnone size-medium wp-image-3518\" src=\"https:\/\/obispadosanfelipe.cl\/2020\/wp-content\/uploads\/2020\/09\/IMG_4218-300x200.jpg\" alt=\"\" width=\"300\" height=\"200\" srcset=\"https:\/\/obispadosanfelipe.cl\/2020\/wp-content\/uploads\/2020\/09\/IMG_4218-300x200.jpg 300w, https:\/\/obispadosanfelipe.cl\/2020\/wp-content\/uploads\/2020\/09\/IMG_4218-1024x683.jpg 1024w, https:\/\/obispadosanfelipe.cl\/2020\/wp-content\/uploads\/2020\/09\/IMG_4218-768x512.jpg 768w, https:\/\/obispadosanfelipe.cl\/2020\/wp-content\/uploads\/2020\/09\/IMG_4218-1536x1024.jpg 1536w, https:\/\/obispadosanfelipe.cl\/2020\/wp-content\/uploads\/2020\/09\/IMG_4218.jpg 1944w\" sizes=\"(max-width: 300px) 100vw, 300px\" \/> <img loading=\"lazy\" class=\"alignnone size-medium wp-image-3519\" src=\"https:\/\/obispadosanfelipe.cl\/2020\/wp-content\/uploads\/2020\/09\/IMG_4222-300x200.jpg\" alt=\"\" width=\"300\" height=\"200\" srcset=\"https:\/\/obispadosanfelipe.cl\/2020\/wp-content\/uploads\/2020\/09\/IMG_4222-300x200.jpg 300w, https:\/\/obispadosanfelipe.cl\/2020\/wp-content\/uploads\/2020\/09\/IMG_4222-1024x683.jpg 1024w, https:\/\/obispadosanfelipe.cl\/2020\/wp-content\/uploads\/2020\/09\/IMG_4222-768x512.jpg 768w, https:\/\/obispadosanfelipe.cl\/2020\/wp-content\/uploads\/2020\/09\/IMG_4222-1536x1024.jpg 1536w, https:\/\/obispadosanfelipe.cl\/2020\/wp-content\/uploads\/2020\/09\/IMG_4222.jpg 1944w\" sizes=\"(max-width: 300px) 100vw, 300px\" \/> <img loading=\"lazy\" class=\"alignnone size-medium wp-image-3520\" src=\"https:\/\/obispadosanfelipe.cl\/2020\/wp-content\/uploads\/2020\/09\/IMG_4233-300x200.jpg\" alt=\"\" width=\"300\" height=\"200\" srcset=\"https:\/\/obispadosanfelipe.cl\/2020\/wp-content\/uploads\/2020\/09\/IMG_4233-300x200.jpg 300w, https:\/\/obispadosanfelipe.cl\/2020\/wp-content\/uploads\/2020\/09\/IMG_4233-1024x683.jpg 1024w, https:\/\/obispadosanfelipe.cl\/2020\/wp-content\/uploads\/2020\/09\/IMG_4233-768x512.jpg 768w, https:\/\/obispadosanfelipe.cl\/2020\/wp-content\/uploads\/2020\/09\/IMG_4233-1536x1024.jpg 1536w, https:\/\/obispadosanfelipe.cl\/2020\/wp-content\/uploads\/2020\/09\/IMG_4233.jpg 1944w\" sizes=\"(max-width: 300px) 100vw, 300px\" \/> <img loading=\"lazy\" class=\"alignnone size-medium wp-image-3521\" src=\"https:\/\/obispadosanfelipe.cl\/2020\/wp-content\/uploads\/2020\/09\/IMG_4261-300x200.jpg\" alt=\"\" width=\"300\" height=\"200\" srcset=\"https:\/\/obispadosanfelipe.cl\/2020\/wp-content\/uploads\/2020\/09\/IMG_4261-300x200.jpg 300w, https:\/\/obispadosanfelipe.cl\/2020\/wp-content\/uploads\/2020\/09\/IMG_4261-1024x683.jpg 1024w, https:\/\/obispadosanfelipe.cl\/2020\/wp-content\/uploads\/2020\/09\/IMG_4261-768x512.jpg 768w, https:\/\/obispadosanfelipe.cl\/2020\/wp-content\/uploads\/2020\/09\/IMG_4261-1536x1024.jpg 1536w, https:\/\/obispadosanfelipe.cl\/2020\/wp-content\/uploads\/2020\/09\/IMG_4261.jpg 1944w\" sizes=\"(max-width: 300px) 100vw, 300px\" \/> <img loading=\"lazy\" class=\"alignnone size-medium wp-image-3522\" src=\"https:\/\/obispadosanfelipe.cl\/2020\/wp-content\/uploads\/2020\/09\/IMG_4280-300x200.jpg\" alt=\"\" width=\"300\" height=\"200\" srcset=\"https:\/\/obispadosanfelipe.cl\/2020\/wp-content\/uploads\/2020\/09\/IMG_4280-300x200.jpg 300w, https:\/\/obispadosanfelipe.cl\/2020\/wp-content\/uploads\/2020\/09\/IMG_4280-1024x683.jpg 1024w, https:\/\/obispadosanfelipe.cl\/2020\/wp-content\/uploads\/2020\/09\/IMG_4280-768x512.jpg 768w, https:\/\/obispadosanfelipe.cl\/2020\/wp-content\/uploads\/2020\/09\/IMG_4280-1536x1024.jpg 1536w, https:\/\/obispadosanfelipe.cl\/2020\/wp-content\/uploads\/2020\/09\/IMG_4280.jpg 1944w\" sizes=\"(max-width: 300px) 100vw, 300px\" \/> <img loading=\"lazy\" class=\"alignnone size-medium wp-image-3523\" src=\"https:\/\/obispadosanfelipe.cl\/2020\/wp-content\/uploads\/2020\/09\/IMG_4301-300x200.jpg\" alt=\"\" width=\"300\" height=\"200\" srcset=\"https:\/\/obispadosanfelipe.cl\/2020\/wp-content\/uploads\/2020\/09\/IMG_4301-300x200.jpg 300w, https:\/\/obispadosanfelipe.cl\/2020\/wp-content\/uploads\/2020\/09\/IMG_4301-1024x683.jpg 1024w, https:\/\/obispadosanfelipe.cl\/2020\/wp-content\/uploads\/2020\/09\/IMG_4301-768x512.jpg 768w, https:\/\/obispadosanfelipe.cl\/2020\/wp-content\/uploads\/2020\/09\/IMG_4301-1536x1024.jpg 1536w, https:\/\/obispadosanfelipe.cl\/2020\/wp-content\/uploads\/2020\/09\/IMG_4301.jpg 1944w\" sizes=\"(max-width: 300px) 100vw, 300px\" \/> <img loading=\"lazy\" class=\"alignnone size-medium wp-image-3524\" src=\"https:\/\/obispadosanfelipe.cl\/2020\/wp-content\/uploads\/2020\/09\/IMG_4311-300x200.jpg\" alt=\"\" width=\"300\" height=\"200\" srcset=\"https:\/\/obispadosanfelipe.cl\/2020\/wp-content\/uploads\/2020\/09\/IMG_4311-300x200.jpg 300w, https:\/\/obispadosanfelipe.cl\/2020\/wp-content\/uploads\/2020\/09\/IMG_4311-1024x683.jpg 1024w, https:\/\/obispadosanfelipe.cl\/2020\/wp-content\/uploads\/2020\/09\/IMG_4311-768x512.jpg 768w, https:\/\/obispadosanfelipe.cl\/2020\/wp-content\/uploads\/2020\/09\/IMG_4311-1536x1024.jpg 1536w, https:\/\/obispadosanfelipe.cl\/2020\/wp-content\/uploads\/2020\/09\/IMG_4311.jpg 1944w\" sizes=\"(max-width: 300px) 100vw, 300px\" \/> <img loading=\"lazy\" class=\"alignnone size-medium wp-image-3527\" src=\"https:\/\/obispadosanfelipe.cl\/2020\/wp-content\/uploads\/2020\/09\/IMG_4368-300x200.jpg\" alt=\"\" width=\"300\" height=\"200\" srcset=\"https:\/\/obispadosanfelipe.cl\/2020\/wp-content\/uploads\/2020\/09\/IMG_4368-300x200.jpg 300w, https:\/\/obispadosanfelipe.cl\/2020\/wp-content\/uploads\/2020\/09\/IMG_4368-1024x683.jpg 1024w, https:\/\/obispadosanfelipe.cl\/2020\/wp-content\/uploads\/2020\/09\/IMG_4368-768x512.jpg 768w, https:\/\/obispadosanfelipe.cl\/2020\/wp-content\/uploads\/2020\/09\/IMG_4368-1536x1024.jpg 1536w, https:\/\/obispadosanfelipe.cl\/2020\/wp-content\/uploads\/2020\/09\/IMG_4368.jpg 1944w\" sizes=\"(max-width: 300px) 100vw, 300px\" \/> <img loading=\"lazy\" class=\"alignnone size-medium wp-image-3528\" src=\"https:\/\/obispadosanfelipe.cl\/2020\/wp-content\/uploads\/2020\/09\/IMG_4393-300x200.jpg\" alt=\"\" width=\"300\" height=\"200\" srcset=\"https:\/\/obispadosanfelipe.cl\/2020\/wp-content\/uploads\/2020\/09\/IMG_4393-300x200.jpg 300w, https:\/\/obispadosanfelipe.cl\/2020\/wp-content\/uploads\/2020\/09\/IMG_4393-1024x683.jpg 1024w, https:\/\/obispadosanfelipe.cl\/2020\/wp-content\/uploads\/2020\/09\/IMG_4393-768x512.jpg 768w, https:\/\/obispadosanfelipe.cl\/2020\/wp-content\/uploads\/2020\/09\/IMG_4393-1536x1024.jpg 1536w, https:\/\/obispadosanfelipe.cl\/2020\/wp-content\/uploads\/2020\/09\/IMG_4393.jpg 1944w\" sizes=\"(max-width: 300px) 100vw, 300px\" \/><\/p>\n<p>&nbsp;<\/p>\n<p>&nbsp;<\/p>\n<p>Fuente: Oficina de Comunicaciones<\/p>\n","protected":false},"excerpt":{"rendered":"<p>El 17 de septiembre se celebr\u00f3 un nuevo Te Deum por el aniversario de nuestra patria, est\u00e1 celebraci\u00f3n fue presidida por el Padre Gonzalo Bravo \u00c1lvarez, Obispo diocesano, en los&hellip;<\/p>\n","protected":false},"author":1,"featured_media":3517,"comment_status":"closed","ping_status":"open","sticky":false,"template":"","format":"standard","meta":[],"categories":[6,5],"tags":[],"_links":{"self":[{"href":"https:\/\/obispadosanfelipe.cl\/2020\/wp-json\/wp\/v2\/posts\/3516"}],"collection":[{"href":"https:\/\/obispadosanfelipe.cl\/2020\/wp-json\/wp\/v2\/posts"}],"about":[{"href":"https:\/\/obispadosanfelipe.cl\/2020\/wp-json\/wp\/v2\/types\/post"}],"author":[{"embeddable":true,"href":"https:\/\/obispadosanfelipe.cl\/2020\/wp-json\/wp\/v2\/users\/1"}],"replies":[{"embeddable":true,"href":"https:\/\/obispadosanfelipe.cl\/2020\/wp-json\/wp\/v2\/comments?post=3516"}],"version-history":[{"count":0,"href":"https:\/\/obispadosanfelipe.cl\/2020\/wp-json\/wp\/v2\/posts\/3516\/revisions"}],"wp:featuredmedia":[{"embeddable":true,"href":"https:\/\/obispadosanfelipe.cl\/2020\/wp-json\/wp\/v2\/media\/3517"}],"wp:attachment":[{"href":"https:\/\/obispadosanfelipe.cl\/2020\/wp-json\/wp\/v2\/media?parent=3516"}],"wp:term":[{"taxonomy":"category","embeddable":true,"href":"https:\/\/obispadosanfelipe.cl\/2020\/wp-json\/wp\/v2\/categories?post=3516"},{"taxonomy":"post_tag","embeddable":true,"href":"https:\/\/obispadosanfelipe.cl\/2020\/wp-json\/wp\/v2\/tags?post=3516"}],"curies":[{"name":"wp","href":"https:\/\/api.w.org\/{rel}","templated":true}]}}