{"id":3530,"date":"2020-09-21T08:47:12","date_gmt":"2020-09-21T08:47:12","guid":{"rendered":"https:\/\/obispadosanfelipe.cl\/2020\/?p=3530"},"modified":"2020-09-21T00:55:07","modified_gmt":"2020-09-21T00:55:07","slug":"parroquia-ntra-sra-de-la-merced-de-san-felipe-invita-a-fiesta-patronal","status":"publish","type":"post","link":"https:\/\/obispadosanfelipe.cl\/2020\/parroquia-ntra-sra-de-la-merced-de-san-felipe-invita-a-fiesta-patronal\/","title":{"rendered":"Parroquia Ntra. Sra. de la Merced de San Felipe invita a fiesta patronal"},"content":{"rendered":"<p>La comunidad mercedaria de San Felipe tiene preparado un programa especial para la celebraci\u00f3n de la solemnidad de Nuestra Madre de la Merced. Debido a la situaci\u00f3n de crisis sanitaria la mayor\u00eda de estas celebraciones ser\u00e1n a trav\u00e9s de las plataformas digitales. \u201cFacebook de la Parroquia y plataforma de \u201cYoutube\u201d.<\/p>\n<p><strong>TRIDUO DE ORACI\u00d3N Mercedaria.<\/strong><\/p>\n<p>21 y 22 de septiembre a las 21:00 horas programa \u201cHaciendo Parroquia\u201d<\/p>\n<p>23 de septiembre a las21:00 horas programa \u201cCompartiendo la fe\u201d.<\/p>\n<p>&nbsp;<\/p>\n<p><strong>SOLEMNIDAD DE NUESTRA MADRE DE LA MERCED.<\/strong><\/p>\n<p>JUEVES 24 DE SEPTIEMBRE A LAS 19:00<\/p>\n<p>EUCARIST\u00cdA (sin p\u00fablico) Ser\u00e1 trasmitida en vivo por el canal de youtube<\/p>\n<p>CARAVANA DE AMOR DE REDENTOR. A las 20:00 horas saldremos en recorrido con la imagen de nuestra Madre de la Merced por todo el sector parroquial.<\/p>\n<p>Recorrido.<\/p>\n<ul>\n<li>V\u00edctor Laf\u00f3n- Avenida Tocornal- Avenida Hermanos Carrera hacia el sur- Calle Ej\u00e9rcito Libertador- avenida Julio Montero (frontis capilla san Ram\u00f3n).<\/li>\n<li>Avenida Julio Montero- Avenida Tocornal &#8211; Avenida Escuela Agr\u00edcola- Avenida Miraflores &#8211; frontis Hospital) &#8211; Avenida Hermanos Carrera direcci\u00f3n norte &#8211; Frontis Capilla San Pedro Nolasco \u2013<\/li>\n<li>Avenida Santa Teresa &#8211; Calle Guillermo Echeverr\u00eda &#8211; Avenida Miraflores direcci\u00f3n Oriente-calle Eulogio Altamirano \u2013 Pasaje Emiliano Castro \u2013 Calle Ambrosio Santelices frontis cuarta compa\u00f1\u00eda de bomberos-<\/li>\n<li>Calle Jos\u00e9 de la Cruz Zenteno, Avenida V\u00edctor Laf\u00f3n. Frontis Parroquia.<\/li>\n<\/ul>\n<p>La comunidad invita a todos quieran unirse con su veh\u00edculo, todos los veh\u00edculos ser\u00e1n bendecidos al terminar el recorrido. Colocar globos o banderas de color amarillo, rojo o blanco, as\u00ed mismo vestir con colores rojo, amarillo o blanco.<\/p>\n<p>&nbsp;<\/p>\n<p><strong>Viernes 25 de septiembre a las 21:00 horas \u201cAdoraci\u00f3n al Sant\u00edsimo\u201d<\/strong> desde el templo Parroquial, trasmite plataforma \u201cEn vivo con Fe\u201d. Haremos oraci\u00f3n por los enfermos, inscribir en la parroquia o a trav\u00e9s de Facebook parroquial.<\/p>\n<p>&nbsp;<\/p>\n<p><strong>Eucarist\u00eda en el d\u00eda del Se\u00f1or.<\/strong><\/p>\n<p>S\u00e1bado 26 de septiembre a las 19:30 horas. Se celebra eucarist\u00eda con p\u00fablico, m\u00e1ximo 25 personas. Inscripci\u00f3n en oficina PARROQUIAL.<\/p>\n<p>Domingo 27 de septiembre. 09:00, 12:00 y 19:30 horas. Se celebra Eucarist\u00eda con p\u00fablico m\u00e1ximo 25 personas. Inscripci\u00f3n en oficina PARROQUIAL.<\/p>\n<p>&nbsp;<\/p>\n<p>Fuente: Parroquia La Merced San Felipe.<\/p>\n","protected":false},"excerpt":{"rendered":"<p>La comunidad mercedaria de San Felipe tiene preparado un programa especial para la celebraci\u00f3n de la solemnidad de Nuestra Madre de la Merced. Debido a la situaci\u00f3n de crisis sanitaria&hellip;<\/p>\n","protected":false},"author":1,"featured_media":3531,"comment_status":"closed","ping_status":"open","sticky":false,"template":"","format":"standard","meta":[],"categories":[6,5],"tags":[39,37,38],"_links":{"self":[{"href":"https:\/\/obispadosanfelipe.cl\/2020\/wp-json\/wp\/v2\/posts\/3530"}],"collection":[{"href":"https:\/\/obispadosanfelipe.cl\/2020\/wp-json\/wp\/v2\/posts"}],"about":[{"href":"https:\/\/obispadosanfelipe.cl\/2020\/wp-json\/wp\/v2\/types\/post"}],"author":[{"embeddable":true,"href":"https:\/\/obispadosanfelipe.cl\/2020\/wp-json\/wp\/v2\/users\/1"}],"replies":[{"embeddable":true,"href":"https:\/\/obispadosanfelipe.cl\/2020\/wp-json\/wp\/v2\/comments?post=3530"}],"version-history":[{"count":0,"href":"https:\/\/obispadosanfelipe.cl\/2020\/wp-json\/wp\/v2\/posts\/3530\/revisions"}],"wp:featuredmedia":[{"embeddable":true,"href":"https:\/\/obispadosanfelipe.cl\/2020\/wp-json\/wp\/v2\/media\/3531"}],"wp:attachment":[{"href":"https:\/\/obispadosanfelipe.cl\/2020\/wp-json\/wp\/v2\/media?parent=3530"}],"wp:term":[{"taxonomy":"category","embeddable":true,"href":"https:\/\/obispadosanfelipe.cl\/2020\/wp-json\/wp\/v2\/categories?post=3530"},{"taxonomy":"post_tag","embeddable":true,"href":"https:\/\/obispadosanfelipe.cl\/2020\/wp-json\/wp\/v2\/tags?post=3530"}],"curies":[{"name":"wp","href":"https:\/\/api.w.org\/{rel}","templated":true}]}}