{"id":3538,"date":"2020-09-21T19:50:53","date_gmt":"2020-09-21T19:50:53","guid":{"rendered":"https:\/\/obispadosanfelipe.cl\/2020\/?p=3538"},"modified":"2020-09-21T19:50:53","modified_gmt":"2020-09-21T19:50:53","slug":"celebran-entronizacion-de-la-virgen-del-carmen-en-la-parroquia-luis-rey-de-catapilco","status":"publish","type":"post","link":"https:\/\/obispadosanfelipe.cl\/2020\/celebran-entronizacion-de-la-virgen-del-carmen-en-la-parroquia-luis-rey-de-catapilco\/","title":{"rendered":"Celebran entronizaci\u00f3n de la Virgen del Carmen en la Parroquia Luis Rey de Catapilco"},"content":{"rendered":"<p><img loading=\"lazy\" class=\"size-medium wp-image-3540 alignright\" src=\"https:\/\/obispadosanfelipe.cl\/2020\/wp-content\/uploads\/2020\/09\/WhatsApp-Image-2020-09-15-at-22.22.49-225x300.jpeg\" alt=\"\" width=\"225\" height=\"300\" srcset=\"https:\/\/obispadosanfelipe.cl\/2020\/wp-content\/uploads\/2020\/09\/WhatsApp-Image-2020-09-15-at-22.22.49-225x300.jpeg 225w, https:\/\/obispadosanfelipe.cl\/2020\/wp-content\/uploads\/2020\/09\/WhatsApp-Image-2020-09-15-at-22.22.49-768x1024.jpeg 768w, https:\/\/obispadosanfelipe.cl\/2020\/wp-content\/uploads\/2020\/09\/WhatsApp-Image-2020-09-15-at-22.22.49.jpeg 960w\" sizes=\"(max-width: 225px) 100vw, 225px\" \/>La comunidad de Catapilco celebr\u00f3 con gran gozo y profunda fe la entronizaci\u00f3n y bendici\u00f3n de la imagen de la Virgen del Carmen, en la Parroquia Luis Rey de Catapilco, la que fue presidida por el padre Luis Reinoso, administrador parroquial, acompa\u00f1ado por un reducido n\u00famero de fieles, para mantener todas las medidas sanitarias necesarias.<\/p>\n<p>&nbsp;<\/p>\n<p>Consultado el Padre Luis est\u00e1 celebraci\u00f3n manifest\u00f3: \u201c<em>Fue un momento muy emotivo, de oraci\u00f3n y de piedad, adem\u00e1s que la comunidad anhelaba la presencia de Nuestra Madre en el templo, \u00a0y se logr\u00f3 poder entronizar una bella imagen tallada en madera de la Virgen del Carmen, la que ocupar\u00e1 un lugar especial, pero tambi\u00e9n ella ocupa un lugar de privilegio en la vida de todos nosotros<\/em>\u201d.<\/p>\n<p>&nbsp;<\/p>\n<p>&nbsp;<\/p>\n<p>Fuente: Oficina de Comunicaciones<\/p>\n<p>&nbsp;<\/p>\n","protected":false},"excerpt":{"rendered":"<p>La comunidad de Catapilco celebr\u00f3 con gran gozo y profunda fe la entronizaci\u00f3n y bendici\u00f3n de la imagen de la Virgen del Carmen, en la Parroquia Luis Rey de Catapilco,&hellip;<\/p>\n","protected":false},"author":1,"featured_media":3539,"comment_status":"closed","ping_status":"open","sticky":false,"template":"","format":"standard","meta":[],"categories":[6,5],"tags":[40,39,41],"_links":{"self":[{"href":"https:\/\/obispadosanfelipe.cl\/2020\/wp-json\/wp\/v2\/posts\/3538"}],"collection":[{"href":"https:\/\/obispadosanfelipe.cl\/2020\/wp-json\/wp\/v2\/posts"}],"about":[{"href":"https:\/\/obispadosanfelipe.cl\/2020\/wp-json\/wp\/v2\/types\/post"}],"author":[{"embeddable":true,"href":"https:\/\/obispadosanfelipe.cl\/2020\/wp-json\/wp\/v2\/users\/1"}],"replies":[{"embeddable":true,"href":"https:\/\/obispadosanfelipe.cl\/2020\/wp-json\/wp\/v2\/comments?post=3538"}],"version-history":[{"count":0,"href":"https:\/\/obispadosanfelipe.cl\/2020\/wp-json\/wp\/v2\/posts\/3538\/revisions"}],"wp:featuredmedia":[{"embeddable":true,"href":"https:\/\/obispadosanfelipe.cl\/2020\/wp-json\/wp\/v2\/media\/3539"}],"wp:attachment":[{"href":"https:\/\/obispadosanfelipe.cl\/2020\/wp-json\/wp\/v2\/media?parent=3538"}],"wp:term":[{"taxonomy":"category","embeddable":true,"href":"https:\/\/obispadosanfelipe.cl\/2020\/wp-json\/wp\/v2\/categories?post=3538"},{"taxonomy":"post_tag","embeddable":true,"href":"https:\/\/obispadosanfelipe.cl\/2020\/wp-json\/wp\/v2\/tags?post=3538"}],"curies":[{"name":"wp","href":"https:\/\/api.w.org\/{rel}","templated":true}]}}