{"id":3712,"date":"2020-10-06T15:29:16","date_gmt":"2020-10-06T15:29:16","guid":{"rendered":"https:\/\/obispadosanfelipe.cl\/2020\/?p=3712"},"modified":"2020-10-06T15:29:59","modified_gmt":"2020-10-06T15:29:59","slug":"fiesta-de-la-virgen-del-rosario-en-hierro-viejo","status":"publish","type":"post","link":"https:\/\/obispadosanfelipe.cl\/2020\/fiesta-de-la-virgen-del-rosario-en-hierro-viejo\/","title":{"rendered":"Fiesta de la Virgen del Rosario en Hierro Viejo"},"content":{"rendered":"<p>En un a\u00f1o complejo como en el que estamos viviendo por causa del Covid 19, la Imagen de la Virgen del Rosario recorri\u00f3 su comunidad en medio de la fe su pueblo.<br \/>\nComo cada a\u00f1o, la primera semana de octubre tiene un sentido especial para la comunidad de Hierro Viejo, perteneciente a la Parroquia de Petorca. El pueblo entero se vuelca a Mar\u00eda del Rosario.<br \/>\nComo preparaci\u00f3n a la fiesta patronal, se rez\u00f3 la novena, contando el primer d\u00eda con la presencia del obispo de San Felipe, P. Gonzalo Bravo \u00c1lvarez, ocasi\u00f3n especial en donde los hierrunos pudieron dar la bienvenida al pastor diocesano de una forma telem\u00e1tica por la pandemia que no afecta.<br \/>\nEl Domingo 04 de octubre la Eucarist\u00eda principal se celebr\u00f3 a las 10.30 am. presidida por el p\u00e1rroco de Petorca el padre Antonio Albornoz. En ella se reflexion\u00f3 sobre el Evangelio de la Anunciaci\u00f3n. En su homil\u00eda el padre Antonio hizo alocuci\u00f3n sobre el gran amor que Dios no tiene pese a las debilidades propias del ser humano. Tal amor que fue capaz de dar la vida por todos y otra de las formas de mostrar ese amor, fue entregar su madre como madre de la humanidad. Tambi\u00e9n hizo la invitaci\u00f3n a corresponder al amor dado por Dios, de forma que cada d\u00eda se extienda a m\u00e1s personas, evangelizando al pr\u00f3jimo, mostrando la alegr\u00eda de los cristianos.<br \/>\nAl finalizar la Eucarist\u00eda mientras se cantaba el himno patronal, la imagen de la Sant\u00edsima Virgen fue puesta en el centro del Altar para recibir la veneraci\u00f3n de lo fieles.<br \/>\nA las 15 horas tuvo lugar la procesi\u00f3n por las calles del pueblo, en donde los vecinos del sector esperaban el paso de la Virgen, adornado el frontis de sus hogares. Tambi\u00e9n el club de Huasos rindi\u00f3 homenaje con el baile nacional entre tantas otra muestra de afecto a la Madre de Dios.<br \/>\nA eso de la 18 horas. El padre Antonio dio la bendici\u00f3n final para dar por terminada la festividad religiosa y se procedi\u00f3 a regresar la Imagen de la Virgen del Rosario a su lugar en donde sigue acompa\u00f1ando la vida de fe de todos los habitantes de Hierro Viejo.<\/p>\n<p>&nbsp;<\/p>\n<p>Fuente: Parroquia de Petorca.<\/p>\n","protected":false},"excerpt":{"rendered":"<p>En un a\u00f1o complejo como en el que estamos viviendo por causa del Covid 19, la Imagen de la Virgen del Rosario recorri\u00f3 su comunidad en medio de la fe&hellip;<\/p>\n","protected":false},"author":1,"featured_media":3713,"comment_status":"closed","ping_status":"open","sticky":false,"template":"","format":"standard","meta":[],"categories":[6,5],"tags":[],"_links":{"self":[{"href":"https:\/\/obispadosanfelipe.cl\/2020\/wp-json\/wp\/v2\/posts\/3712"}],"collection":[{"href":"https:\/\/obispadosanfelipe.cl\/2020\/wp-json\/wp\/v2\/posts"}],"about":[{"href":"https:\/\/obispadosanfelipe.cl\/2020\/wp-json\/wp\/v2\/types\/post"}],"author":[{"embeddable":true,"href":"https:\/\/obispadosanfelipe.cl\/2020\/wp-json\/wp\/v2\/users\/1"}],"replies":[{"embeddable":true,"href":"https:\/\/obispadosanfelipe.cl\/2020\/wp-json\/wp\/v2\/comments?post=3712"}],"version-history":[{"count":0,"href":"https:\/\/obispadosanfelipe.cl\/2020\/wp-json\/wp\/v2\/posts\/3712\/revisions"}],"wp:featuredmedia":[{"embeddable":true,"href":"https:\/\/obispadosanfelipe.cl\/2020\/wp-json\/wp\/v2\/media\/3713"}],"wp:attachment":[{"href":"https:\/\/obispadosanfelipe.cl\/2020\/wp-json\/wp\/v2\/media?parent=3712"}],"wp:term":[{"taxonomy":"category","embeddable":true,"href":"https:\/\/obispadosanfelipe.cl\/2020\/wp-json\/wp\/v2\/categories?post=3712"},{"taxonomy":"post_tag","embeddable":true,"href":"https:\/\/obispadosanfelipe.cl\/2020\/wp-json\/wp\/v2\/tags?post=3712"}],"curies":[{"name":"wp","href":"https:\/\/api.w.org\/{rel}","templated":true}]}}