{"id":3716,"date":"2020-10-07T14:59:20","date_gmt":"2020-10-07T14:59:20","guid":{"rendered":"https:\/\/obispadosanfelipe.cl\/2020\/?p=3716"},"modified":"2020-10-07T14:59:20","modified_gmt":"2020-10-07T14:59:20","slug":"en-valle-hermoso-la-fe-vibro-al-paso-de-la-virgen-del-rosario","status":"publish","type":"post","link":"https:\/\/obispadosanfelipe.cl\/2020\/en-valle-hermoso-la-fe-vibro-al-paso-de-la-virgen-del-rosario\/","title":{"rendered":"En Valle Hermoso la Fe vibr\u00f3 al paso de la Virgen del Rosario"},"content":{"rendered":"<p>Tras una semana de actividades, la Parroquia de La Ligua vivi\u00f3 la festividad de la Virgen del Rosario de manera distinta, pero no menos fervorosa.<\/p>\n<p>Luego de haber vivido 7 intensos d\u00edas de celebraciones liturgias, la comunidad de Nuestra Se\u00f1ora del Rosario de Valle Hermoso celebr\u00f3 su fiesta patronal en la Parroquia de La Ligua. Este 2020 los encuentros masivos no se pudieron realizar para evitar los contagios por COVID-19.<\/p>\n<p>En la tarde del domingo 4 de octubre, pasadas las 15 horas se inici\u00f3 la celebraci\u00f3n eucar\u00edstica en la capilla de Valle Hermoso. La celebraci\u00f3n fue encabezada por el Padre Sergio Barahona Herrera, P\u00e1rroco de La Ligua y concelebrada por el Presb\u00edtero Gerardo Herrera. Como se dio la t\u00f3nica en la semana, la misa central cont\u00f3 con la participaci\u00f3n de las personas que se inscribieron previamente, seg\u00fan mandata las normas sanitarias.<\/p>\n<p><strong>Una procesi\u00f3n 2.0<\/strong><\/p>\n<p>Despu\u00e9s de la celebraci\u00f3n de la Eucarist\u00eda la imagen de la Virgen fue sacada por los \u201cAnderos\u201d, que todos los a\u00f1os cargan en sus hombros la figura de la Madre de Cristo, ellos confiaron al cuerpo de Bomberos de La Ligua el traslado de la Virgen del Rosario. Sobre el carro bomberil, la querida \u201cCharito\u201d recorri\u00f3 cada uno de los sectores de Valle Hermoso.<\/p>\n<p>Al paso de la caravana, las familias levantaban sus pa\u00f1uelos y globos para saludar a Mar\u00eda del Rosario. En muchos hogares se pod\u00eda ver altares y calles adornadas para la visita de la Virgen.<\/p>\n<p>La emoci\u00f3n se dej\u00f3 sentir en varios momentos del trayecto, el cual dur\u00f3 cerca de una hora y media. Los bailes religiosos no se restaron y en sus respectivos sectores esperaron la llegada de Mar\u00eda para danzar al son de la m\u00fasica de sus bandas. Los adultos mayores gritaban vivas a la Virgencita que en un a\u00f1o dif\u00edcil sali\u00f3 al encuentro de su pueblo.<\/p>\n<p>El Padre Sergio se refiri\u00f3 a lo que se vivi\u00f3 la tarde del domingo en Valle Hermoso. Durante la cobertura de la Pastoral de Comunicaciones de la Parroquia Ligua, el sacerdote destac\u00f3 los adornos y altares que las familias prepararon desde Illalolen hasta Pueblo Arriba. El Presb\u00edtero indic\u00f3 que no esperaba una respuesta tan masiva y piadosa de los habitantes de Valle Hermoso. \u201c<em>Muchos se imaginaron una fiesta un poco triste, pero lo que hemos visto es todo lo contrario, las personas se han volcado a las orillas de las calles para saludar con mucha alegr\u00eda a la Virgen, demostrando cuan fuerte es la fe de esta comunidad<\/em>\u201d destac\u00f3 Barahona.<\/p>\n<p><strong>Gratitud a los Bomberos<\/strong><\/p>\n<p>Esta fiesta no podr\u00eda haberse realizado sin el gran apoyo del Cuerpo de Bomberos de La Ligua. La instituci\u00f3n voluntaria se sum\u00f3 inmediatamente, cuando se le solicit\u00f3 que escoltaran y portaran en su carro a la Virgen del Rosario.<\/p>\n<p>La comunidad parroquial expres\u00f3 la gratitud a los hombres y mujeres que conforman cada una de las compa\u00f1\u00edas de Bomberos de La Ligua, en particular a la 3\u00b0 compa\u00f1\u00eda de Placilla de Ligua y 4\u00b0 compa\u00f1\u00eda de Valle Hermoso que realizaron el recorrido de la Imagen de forma segura.<\/p>\n<p>&nbsp;<\/p>\n<p>Fuente: Parroquia de La Ligua.<\/p>\n","protected":false},"excerpt":{"rendered":"<p>Tras una semana de actividades, la Parroquia de La Ligua vivi\u00f3 la festividad de la Virgen del Rosario de manera distinta, pero no menos fervorosa. Luego de haber vivido 7&hellip;<\/p>\n","protected":false},"author":1,"featured_media":3717,"comment_status":"closed","ping_status":"open","sticky":false,"template":"","format":"standard","meta":[],"categories":[6,5],"tags":[],"_links":{"self":[{"href":"https:\/\/obispadosanfelipe.cl\/2020\/wp-json\/wp\/v2\/posts\/3716"}],"collection":[{"href":"https:\/\/obispadosanfelipe.cl\/2020\/wp-json\/wp\/v2\/posts"}],"about":[{"href":"https:\/\/obispadosanfelipe.cl\/2020\/wp-json\/wp\/v2\/types\/post"}],"author":[{"embeddable":true,"href":"https:\/\/obispadosanfelipe.cl\/2020\/wp-json\/wp\/v2\/users\/1"}],"replies":[{"embeddable":true,"href":"https:\/\/obispadosanfelipe.cl\/2020\/wp-json\/wp\/v2\/comments?post=3716"}],"version-history":[{"count":0,"href":"https:\/\/obispadosanfelipe.cl\/2020\/wp-json\/wp\/v2\/posts\/3716\/revisions"}],"wp:featuredmedia":[{"embeddable":true,"href":"https:\/\/obispadosanfelipe.cl\/2020\/wp-json\/wp\/v2\/media\/3717"}],"wp:attachment":[{"href":"https:\/\/obispadosanfelipe.cl\/2020\/wp-json\/wp\/v2\/media?parent=3716"}],"wp:term":[{"taxonomy":"category","embeddable":true,"href":"https:\/\/obispadosanfelipe.cl\/2020\/wp-json\/wp\/v2\/categories?post=3716"},{"taxonomy":"post_tag","embeddable":true,"href":"https:\/\/obispadosanfelipe.cl\/2020\/wp-json\/wp\/v2\/tags?post=3716"}],"curies":[{"name":"wp","href":"https:\/\/api.w.org\/{rel}","templated":true}]}}