{"id":3729,"date":"2020-10-07T22:56:13","date_gmt":"2020-10-07T22:56:13","guid":{"rendered":"https:\/\/obispadosanfelipe.cl\/2020\/?p=3729"},"modified":"2020-10-07T22:56:13","modified_gmt":"2020-10-07T22:56:13","slug":"pastoral-del-colegio-pumanque-de-san-felipe-celebro-eucaristia-por-nuevo-aniversario","status":"publish","type":"post","link":"https:\/\/obispadosanfelipe.cl\/2020\/pastoral-del-colegio-pumanque-de-san-felipe-celebro-eucaristia-por-nuevo-aniversario\/","title":{"rendered":"Pastoral del Colegio Pumanque de San Felipe celebr\u00f3 eucarist\u00eda por nuevo aniversario"},"content":{"rendered":"<p>El martes 6 de octubre se realiz\u00f3 una eucarist\u00eda con motivo del aniversario del Colegio Pumanque, quien el pr\u00f3ximo viernes 9 cumple\u00a0 36 a\u00f1os de vida. Sin lugar a duda fue una ceremonia muy distinta a las de a\u00f1os anteriores por la contingencia que vivimos; pero no menos significativa, primero porque se realiz\u00f3 desde la Capilla \u201cCristo Joven\u201d que es un lugar muy relevante dentro del establecimiento educacional por reconocerse y declararse\u00a0 dentro de su proyecto como una comunidad educativa\u00a0 laica de formaci\u00f3n cat\u00f3lica cuya misi\u00f3n est\u00e1 inspirada en el evangelio de Jesucristo.<\/p>\n<p>En segundo lugar porque hubo que hacer uso de las redes sociales para llevar este momento a los hogares de las familias y eso implicaba algunos desaf\u00edos, se cont\u00f3 con el apoyo de Alexis Maldonado de la plataforma digital En Vivo con Fe quien realiz\u00f3 la transmisi\u00f3n desde el Facebook de la Pastoral, una forma distinta; pero muy acorde con los tiempos que vivimos y con la forma que ha utilizado la Iglesia para continuar su misi\u00f3n evangelizador.<\/p>\n<p>Muy significativo fue que \u00a0la misa fue presidida por el Padre Claudio Acevedo quien por varios a\u00f1os acompa\u00f1o al colegio como su capell\u00e1n, as\u00ed que sus palabras siempre son sentidas por nuestra comunidad como las de un amigo y en su homil\u00eda junto con contextualizar lo que estamos viviendo como colegio en estos tiempos de pandemia, invito a nuestros alumnos y alumnas a mirar el futuro con fe a pesar de lo complicada que sea vea la situaci\u00f3n, nos invit\u00f3 a aprender a convivir con el virus a no vivir con miedo, a preocuparnos los unos por los otros, nos record\u00f3 que nunca estamos solos porque el Se\u00f1or siempre va estar con nosotros, luego refiri\u00e9ndose al evangelio nos hace ver que frente a la presencia de Jes\u00fas hay diferentes formas de actuar, pero la invitaci\u00f3n central es saber conjugar la contemplaci\u00f3n con la acci\u00f3n.<\/p>\n<p>En el ofertorio se presentaron 3 signos uno de ellos\u00a0 fueron los polerones que representaban la presencia espiritual de nuestros alumnos y alumnas en dicha celebraci\u00f3n, y al final el director Nelson Jarpa Montero expreso unas palabras centradas en la importancia que tiene en la educaci\u00f3n el <strong>encuentro de las personas con personas y en persona<\/strong>, tambi\u00e9n se refiri\u00f3 al esfuerzo que han realizado los docentes durante este tiempo de clases remotas a los que agradeci\u00f3 su labor, finalizo sus palabras con el tradicional <strong>Feliz cumplea\u00f1os Colegio Pumanque. <\/strong><\/p>\n<p>Se agradece a las personas que de una u otra forma ayudaron para que esta actividad se desarrollara al\u00a0 querido t\u00edo Sergio que nos prepar\u00f3 con tanto cari\u00f1o la Capilla, quienes pudieron acompa\u00f1ar bajo estrictas medidas sanitarias, a la profesora Soledad que nos anim\u00f3 con su canto.<\/p>\n<p>&nbsp;<\/p>\n<p>Fuente: Pastoral del Colegio Pumanque<\/p>\n","protected":false},"excerpt":{"rendered":"<p>El martes 6 de octubre se realiz\u00f3 una eucarist\u00eda con motivo del aniversario del Colegio Pumanque, quien el pr\u00f3ximo viernes 9 cumple\u00a0 36 a\u00f1os de vida. Sin lugar a duda&hellip;<\/p>\n","protected":false},"author":1,"featured_media":3730,"comment_status":"closed","ping_status":"open","sticky":false,"template":"","format":"standard","meta":[],"categories":[6,5],"tags":[],"_links":{"self":[{"href":"https:\/\/obispadosanfelipe.cl\/2020\/wp-json\/wp\/v2\/posts\/3729"}],"collection":[{"href":"https:\/\/obispadosanfelipe.cl\/2020\/wp-json\/wp\/v2\/posts"}],"about":[{"href":"https:\/\/obispadosanfelipe.cl\/2020\/wp-json\/wp\/v2\/types\/post"}],"author":[{"embeddable":true,"href":"https:\/\/obispadosanfelipe.cl\/2020\/wp-json\/wp\/v2\/users\/1"}],"replies":[{"embeddable":true,"href":"https:\/\/obispadosanfelipe.cl\/2020\/wp-json\/wp\/v2\/comments?post=3729"}],"version-history":[{"count":0,"href":"https:\/\/obispadosanfelipe.cl\/2020\/wp-json\/wp\/v2\/posts\/3729\/revisions"}],"wp:featuredmedia":[{"embeddable":true,"href":"https:\/\/obispadosanfelipe.cl\/2020\/wp-json\/wp\/v2\/media\/3730"}],"wp:attachment":[{"href":"https:\/\/obispadosanfelipe.cl\/2020\/wp-json\/wp\/v2\/media?parent=3729"}],"wp:term":[{"taxonomy":"category","embeddable":true,"href":"https:\/\/obispadosanfelipe.cl\/2020\/wp-json\/wp\/v2\/categories?post=3729"},{"taxonomy":"post_tag","embeddable":true,"href":"https:\/\/obispadosanfelipe.cl\/2020\/wp-json\/wp\/v2\/tags?post=3729"}],"curies":[{"name":"wp","href":"https:\/\/api.w.org\/{rel}","templated":true}]}}