{"id":3836,"date":"2020-10-20T21:32:57","date_gmt":"2020-10-20T21:32:57","guid":{"rendered":"https:\/\/obispadosanfelipe.cl\/2020\/?p=3836"},"modified":"2020-10-20T21:32:57","modified_gmt":"2020-10-20T21:32:57","slug":"radio-encuentro-de-san-felipe-vive-proceso-de-cambio-de-programacion-musical-y-contenido","status":"publish","type":"post","link":"https:\/\/obispadosanfelipe.cl\/2020\/radio-encuentro-de-san-felipe-vive-proceso-de-cambio-de-programacion-musical-y-contenido\/","title":{"rendered":"Radio Encuentro de San Felipe vive proceso de cambio de programaci\u00f3n musical y contenido"},"content":{"rendered":"<p>Radio Encuentro est\u00e1 en un proceso de cambio program\u00e1tico, para lo cual ha comenzado, a partir de este lunes 19 de octubre, un tiempo de marcha blanca de unas dos semanas, aproximadamente, tras las cuales pondr\u00e1 al aire su nueva parrilla program\u00e1tica; espacios informativos y culturales, entrevistas, di\u00e1logo con los auditores, especiales de m\u00fasica y el ya tradicional Encuentro Latinoamericano, entre otros.<\/p>\n<p>&nbsp;<\/p>\n<p>Se informa a los auditores que sintonizaban los espacios religiosos, en especial la transmisi\u00f3n de la Misa de las 12.00 horas desde La Catedral, que en la nueva propuesta se adecuar\u00e1n los horarios y formatos de las producciones pastorales, lo que ser\u00e1 previamente informado.<\/p>\n<p>El cambio program\u00e1tico obedece a los nuevos desaf\u00edos que asumir\u00e1 este hist\u00f3rico medio radial de la zona, que se apresta a cumplir 30 a\u00f1os al servicio de la gente del Valle de Aconcagua.<\/p>\n<p>La emisora es propiedad del Obispado de San Felipe y, en este sentido, su l\u00ednea editorial est\u00e1 inspirada en los valores del Evangelio, acompa\u00f1ando al hombre y a la mujer del Valle de Aconcagua, desde la cercan\u00eda y la solidaridad, respetando y promoviendo la dignidad de toda persona.<\/p>\n<p>Otro importante desaf\u00edo de la Radio es actualizar sus soportes tecnol\u00f3gicos, entendiendo que hoy las radios se han ido convirtiendo en multimedios. Se fortalecer\u00e1 el contenido y transmisi\u00f3n v\u00eda streaming, por medio de las Redes Sociales.<\/p>\n","protected":false},"excerpt":{"rendered":"<p>Radio Encuentro est\u00e1 en un proceso de cambio program\u00e1tico, para lo cual ha comenzado, a partir de este lunes 19 de octubre, un tiempo de marcha blanca de unas dos&hellip;<\/p>\n","protected":false},"author":1,"featured_media":3837,"comment_status":"closed","ping_status":"open","sticky":false,"template":"","format":"standard","meta":[],"categories":[6,5],"tags":[],"_links":{"self":[{"href":"https:\/\/obispadosanfelipe.cl\/2020\/wp-json\/wp\/v2\/posts\/3836"}],"collection":[{"href":"https:\/\/obispadosanfelipe.cl\/2020\/wp-json\/wp\/v2\/posts"}],"about":[{"href":"https:\/\/obispadosanfelipe.cl\/2020\/wp-json\/wp\/v2\/types\/post"}],"author":[{"embeddable":true,"href":"https:\/\/obispadosanfelipe.cl\/2020\/wp-json\/wp\/v2\/users\/1"}],"replies":[{"embeddable":true,"href":"https:\/\/obispadosanfelipe.cl\/2020\/wp-json\/wp\/v2\/comments?post=3836"}],"version-history":[{"count":0,"href":"https:\/\/obispadosanfelipe.cl\/2020\/wp-json\/wp\/v2\/posts\/3836\/revisions"}],"wp:featuredmedia":[{"embeddable":true,"href":"https:\/\/obispadosanfelipe.cl\/2020\/wp-json\/wp\/v2\/media\/3837"}],"wp:attachment":[{"href":"https:\/\/obispadosanfelipe.cl\/2020\/wp-json\/wp\/v2\/media?parent=3836"}],"wp:term":[{"taxonomy":"category","embeddable":true,"href":"https:\/\/obispadosanfelipe.cl\/2020\/wp-json\/wp\/v2\/categories?post=3836"},{"taxonomy":"post_tag","embeddable":true,"href":"https:\/\/obispadosanfelipe.cl\/2020\/wp-json\/wp\/v2\/tags?post=3836"}],"curies":[{"name":"wp","href":"https:\/\/api.w.org\/{rel}","templated":true}]}}