{"id":3840,"date":"2020-10-21T02:03:57","date_gmt":"2020-10-21T02:03:57","guid":{"rendered":"https:\/\/obispadosanfelipe.cl\/2020\/?p=3840"},"modified":"2020-10-21T02:03:57","modified_gmt":"2020-10-21T02:03:57","slug":"jovenes-de-la-pastoral-juvenil-san-esteban-realizaron-cicletada","status":"publish","type":"post","link":"https:\/\/obispadosanfelipe.cl\/2020\/jovenes-de-la-pastoral-juvenil-san-esteban-realizaron-cicletada\/","title":{"rendered":"J\u00f3venes de la Pastoral Juvenil San Esteban realizaron cicletada"},"content":{"rendered":"<p>Los j\u00f3venes de la Pastoral JUSE (Juvenil San Esteban) el viernes reci\u00e9n pasado realizaron por la tarde una cicletada misi\u00f3n, en la cual recorrieron la villa renacer, santa Olga y San Esteban, que son villas cercanas al cruce de San Esteban.<\/p>\n<p>Con sus bicicletas adornadas donde a cada persona encontrada en el camino le entregaron un mensaje y un dulce para recordarles que Jes\u00fas Resucitado est\u00e1 con nosotros en estos tiempos dif\u00edciles.<\/p>\n<p>Son doce j\u00f3venes que fluct\u00faan entre los 17 a\u00f1os y 23 a\u00f1os que iniciaron hace un a\u00f1o esta Pastoral, que b\u00e1sicamente se ha construido de manera virtual. Sin embargo en esta fase 3 han ido elaborando iniciativas que tienen que ver con acompa\u00f1ar de la manera que se pueda a las personas dando cuenta de que Jes\u00fas est\u00e1 con las personas como ha estado con ellos. Incluso elaboraron un pend\u00f3n que colocaron en el frontis de la parroquia.<\/p>\n<p>El entusiasmo super\u00f3 al calor del d\u00eda y esta caravana de bicicletas escoltada por veh\u00edculos y permisos municipales respectivos, adem\u00e1s se tomaron todos los resguardos sanitarios, porque \u00a0los dulces fueron pegados a un peque\u00f1o mensaje y sanitizados de manera de hacer la menor manipulaci\u00f3n posible por parte de los j\u00f3venes.<\/p>\n<p>&nbsp;<\/p>\n\n\t\t\t<style type='text\/css'>\n\t\t\t\t#gallery-1 {\n\t\t\t\t\tmargin: auto;\n\t\t\t\t}\n\t\t\t\t#gallery-1 .gallery-item {\n\t\t\t\t\tfloat: left;\n\t\t\t\t\tmargin-top: 10px;\n\t\t\t\t\ttext-align: center;\n\t\t\t\t\twidth: 33%;\n\t\t\t\t}\n\t\t\t\t#gallery-1 img {\n\t\t\t\t\tborder: 2px solid #cfcfcf;\n\t\t\t\t}\n\t\t\t\t#gallery-1 .gallery-caption {\n\t\t\t\t\tmargin-left: 0;\n\t\t\t\t}\n\t\t\t\t\/* see gallery_shortcode() in wp-includes\/media.php *\/\n\t\t\t<\/style>\n\t\t<div id='gallery-1' class='dt-gallery-container gallery galleryid-3840 gallery-columns-3 gallery-size-thumbnail'><dl class='gallery-item'>\n\t\t\t\t<dt class='gallery-icon landscape'>\n\t\t\t\t\t<a class=\"rollover rollover-zoom dt-pswp-item\" title=\"4d85881f-4ca3-445c-9868-9d9ba31b5222\" data-dt-img-description=\"\" data-large_image_width=\"1280\" data-large_image_height=\"960\"href='https:\/\/obispadosanfelipe.cl\/2020\/wp-content\/uploads\/2020\/10\/4d85881f-4ca3-445c-9868-9d9ba31b5222.jpg'><img width=\"150\" height=\"150\" src=\"https:\/\/obispadosanfelipe.cl\/2020\/wp-content\/uploads\/2020\/10\/4d85881f-4ca3-445c-9868-9d9ba31b5222-150x150.jpg\" class=\"attachment-thumbnail size-thumbnail\" alt=\"\" loading=\"lazy\" \/><\/a>\n\t\t\t\t<\/dt><\/dl><dl class='gallery-item'>\n\t\t\t\t<dt class='gallery-icon portrait'>\n\t\t\t\t\t<a class=\"rollover rollover-zoom dt-pswp-item\" title=\"6f05cc22-221d-4b6f-b817-ef0aae544562\" data-dt-img-description=\"\" data-large_image_width=\"780\" data-large_image_height=\"1040\"href='https:\/\/obispadosanfelipe.cl\/2020\/wp-content\/uploads\/2020\/10\/6f05cc22-221d-4b6f-b817-ef0aae544562.jpg'><img width=\"150\" height=\"150\" src=\"https:\/\/obispadosanfelipe.cl\/2020\/wp-content\/uploads\/2020\/10\/6f05cc22-221d-4b6f-b817-ef0aae544562-150x150.jpg\" class=\"attachment-thumbnail size-thumbnail\" alt=\"\" loading=\"lazy\" \/><\/a>\n\t\t\t\t<\/dt><\/dl><dl class='gallery-item'>\n\t\t\t\t<dt class='gallery-icon landscape'>\n\t\t\t\t\t<a class=\"rollover rollover-zoom dt-pswp-item\" title=\"68e57e08-10bc-4a98-afd1-b9702f77d0a6\" data-dt-img-description=\"\" data-large_image_width=\"1040\" data-large_image_height=\"780\"href='https:\/\/obispadosanfelipe.cl\/2020\/wp-content\/uploads\/2020\/10\/68e57e08-10bc-4a98-afd1-b9702f77d0a6.jpg'><img width=\"150\" height=\"150\" src=\"https:\/\/obispadosanfelipe.cl\/2020\/wp-content\/uploads\/2020\/10\/68e57e08-10bc-4a98-afd1-b9702f77d0a6-150x150.jpg\" class=\"attachment-thumbnail size-thumbnail\" alt=\"\" loading=\"lazy\" \/><\/a>\n\t\t\t\t<\/dt><\/dl><br style=\"clear: both\" \/><dl class='gallery-item'>\n\t\t\t\t<dt class='gallery-icon landscape'>\n\t\t\t\t\t<a class=\"rollover rollover-zoom dt-pswp-item\" title=\"a97acf9b-1835-42a1-988f-910fc919faca\" data-dt-img-description=\"\" data-large_image_width=\"1280\" data-large_image_height=\"960\"href='https:\/\/obispadosanfelipe.cl\/2020\/wp-content\/uploads\/2020\/10\/a97acf9b-1835-42a1-988f-910fc919faca.jpg'><img width=\"150\" height=\"150\" src=\"https:\/\/obispadosanfelipe.cl\/2020\/wp-content\/uploads\/2020\/10\/a97acf9b-1835-42a1-988f-910fc919faca-150x150.jpg\" class=\"attachment-thumbnail size-thumbnail\" alt=\"\" loading=\"lazy\" \/><\/a>\n\t\t\t\t<\/dt><\/dl><dl class='gallery-item'>\n\t\t\t\t<dt class='gallery-icon landscape'>\n\t\t\t\t\t<a class=\"rollover rollover-zoom dt-pswp-item\" title=\"ff0c2ccb-4b5b-464c-94a6-ccfa12a6f2cf\" data-dt-img-description=\"\" data-large_image_width=\"1280\" data-large_image_height=\"960\"href='https:\/\/obispadosanfelipe.cl\/2020\/wp-content\/uploads\/2020\/10\/ff0c2ccb-4b5b-464c-94a6-ccfa12a6f2cf.jpg'><img width=\"150\" height=\"150\" src=\"https:\/\/obispadosanfelipe.cl\/2020\/wp-content\/uploads\/2020\/10\/ff0c2ccb-4b5b-464c-94a6-ccfa12a6f2cf-150x150.jpg\" class=\"attachment-thumbnail size-thumbnail\" alt=\"\" loading=\"lazy\" \/><\/a>\n\t\t\t\t<\/dt><\/dl>\n\t\t\t\t<br style='clear: both' \/>\n\t\t\t<\/div>\n\n<p>&nbsp;<\/p>\n<p>Fuente: Pastoral Juvenil San Esteban<\/p>\n","protected":false},"excerpt":{"rendered":"<p>Los j\u00f3venes de la Pastoral JUSE (Juvenil San Esteban) el viernes reci\u00e9n pasado realizaron por la tarde una cicletada misi\u00f3n, en la cual recorrieron la villa renacer, santa Olga y&hellip;<\/p>\n","protected":false},"author":1,"featured_media":3841,"comment_status":"closed","ping_status":"open","sticky":false,"template":"","format":"standard","meta":[],"categories":[6,5],"tags":[],"_links":{"self":[{"href":"https:\/\/obispadosanfelipe.cl\/2020\/wp-json\/wp\/v2\/posts\/3840"}],"collection":[{"href":"https:\/\/obispadosanfelipe.cl\/2020\/wp-json\/wp\/v2\/posts"}],"about":[{"href":"https:\/\/obispadosanfelipe.cl\/2020\/wp-json\/wp\/v2\/types\/post"}],"author":[{"embeddable":true,"href":"https:\/\/obispadosanfelipe.cl\/2020\/wp-json\/wp\/v2\/users\/1"}],"replies":[{"embeddable":true,"href":"https:\/\/obispadosanfelipe.cl\/2020\/wp-json\/wp\/v2\/comments?post=3840"}],"version-history":[{"count":0,"href":"https:\/\/obispadosanfelipe.cl\/2020\/wp-json\/wp\/v2\/posts\/3840\/revisions"}],"wp:featuredmedia":[{"embeddable":true,"href":"https:\/\/obispadosanfelipe.cl\/2020\/wp-json\/wp\/v2\/media\/3841"}],"wp:attachment":[{"href":"https:\/\/obispadosanfelipe.cl\/2020\/wp-json\/wp\/v2\/media?parent=3840"}],"wp:term":[{"taxonomy":"category","embeddable":true,"href":"https:\/\/obispadosanfelipe.cl\/2020\/wp-json\/wp\/v2\/categories?post=3840"},{"taxonomy":"post_tag","embeddable":true,"href":"https:\/\/obispadosanfelipe.cl\/2020\/wp-json\/wp\/v2\/tags?post=3840"}],"curies":[{"name":"wp","href":"https:\/\/api.w.org\/{rel}","templated":true}]}}