{"id":3848,"date":"2020-10-21T16:23:06","date_gmt":"2020-10-21T16:23:06","guid":{"rendered":"https:\/\/obispadosanfelipe.cl\/2020\/?p=3848"},"modified":"2020-10-21T16:23:06","modified_gmt":"2020-10-21T16:23:06","slug":"encuentro-de-mamas-en-el-espiritu-se-unen-para-orar-en-comunidad","status":"publish","type":"post","link":"https:\/\/obispadosanfelipe.cl\/2020\/encuentro-de-mamas-en-el-espiritu-se-unen-para-orar-en-comunidad\/","title":{"rendered":"Encuentro de Mam\u00e1s en el Esp\u00edritu se unen para orar en comunidad"},"content":{"rendered":"<p>Encuentro de Mamas en el Esp\u00edritu (EME) de la ciudad de Los Andes, durante este tiempo de pandemia, ellas se han mantenido unidas en la oraci\u00f3n con el rezo del Rosario de lunes a viernes, para fortalecer los v\u00ednculos de afecto y amistad en este periodo de tiempo, pero tambi\u00e9n que la oraci\u00f3n se transforme en v\u00ednculo de amor para crecer en la Fe.<img loading=\"lazy\" class=\"wp-image-3850 alignright\" src=\"https:\/\/obispadosanfelipe.cl\/2020\/wp-content\/uploads\/2020\/10\/db02f0a6-034d-477f-8c5d-ae568d49fad4-300x226.jpg\" alt=\"\" width=\"314\" height=\"236\" srcset=\"https:\/\/obispadosanfelipe.cl\/2020\/wp-content\/uploads\/2020\/10\/db02f0a6-034d-477f-8c5d-ae568d49fad4-300x226.jpg 300w, https:\/\/obispadosanfelipe.cl\/2020\/wp-content\/uploads\/2020\/10\/db02f0a6-034d-477f-8c5d-ae568d49fad4-1024x771.jpg 1024w, https:\/\/obispadosanfelipe.cl\/2020\/wp-content\/uploads\/2020\/10\/db02f0a6-034d-477f-8c5d-ae568d49fad4-768x579.jpg 768w, https:\/\/obispadosanfelipe.cl\/2020\/wp-content\/uploads\/2020\/10\/db02f0a6-034d-477f-8c5d-ae568d49fad4.jpg 1034w\" sizes=\"(max-width: 314px) 100vw, 314px\" \/><\/p>\n<p>Consultada Laura Rojas sobre esta instancia de oraci\u00f3n comunitaria expres\u00f3: \u201ceste tiempo ha sido diferente porque no podemos encontrarnos presencialmente, pero ha sido rico en la fe y en la oraci\u00f3n comunitaria, especialmente los d\u00edas s\u00e1bados que realizamos la lectio divina y nos damos un tiempo para poder compartir nuestras vivencias, dolores y alegr\u00edas, iluminadas por la palabra de Dios\u201d.<\/p>\n<p>&nbsp;<\/p>\n<p>&nbsp;<\/p>\n<p>&nbsp;<\/p>\n<p>Fuente: Oficina de comunicaciones<\/p>\n<p>&nbsp;<\/p>\n","protected":false},"excerpt":{"rendered":"<p>Encuentro de Mamas en el Esp\u00edritu (EME) de la ciudad de Los Andes, durante este tiempo de pandemia, ellas se han mantenido unidas en la oraci\u00f3n con el rezo del&hellip;<\/p>\n","protected":false},"author":1,"featured_media":3849,"comment_status":"closed","ping_status":"open","sticky":false,"template":"","format":"standard","meta":[],"categories":[6,5,3],"tags":[],"_links":{"self":[{"href":"https:\/\/obispadosanfelipe.cl\/2020\/wp-json\/wp\/v2\/posts\/3848"}],"collection":[{"href":"https:\/\/obispadosanfelipe.cl\/2020\/wp-json\/wp\/v2\/posts"}],"about":[{"href":"https:\/\/obispadosanfelipe.cl\/2020\/wp-json\/wp\/v2\/types\/post"}],"author":[{"embeddable":true,"href":"https:\/\/obispadosanfelipe.cl\/2020\/wp-json\/wp\/v2\/users\/1"}],"replies":[{"embeddable":true,"href":"https:\/\/obispadosanfelipe.cl\/2020\/wp-json\/wp\/v2\/comments?post=3848"}],"version-history":[{"count":0,"href":"https:\/\/obispadosanfelipe.cl\/2020\/wp-json\/wp\/v2\/posts\/3848\/revisions"}],"wp:featuredmedia":[{"embeddable":true,"href":"https:\/\/obispadosanfelipe.cl\/2020\/wp-json\/wp\/v2\/media\/3849"}],"wp:attachment":[{"href":"https:\/\/obispadosanfelipe.cl\/2020\/wp-json\/wp\/v2\/media?parent=3848"}],"wp:term":[{"taxonomy":"category","embeddable":true,"href":"https:\/\/obispadosanfelipe.cl\/2020\/wp-json\/wp\/v2\/categories?post=3848"},{"taxonomy":"post_tag","embeddable":true,"href":"https:\/\/obispadosanfelipe.cl\/2020\/wp-json\/wp\/v2\/tags?post=3848"}],"curies":[{"name":"wp","href":"https:\/\/api.w.org\/{rel}","templated":true}]}}