{"id":3853,"date":"2020-10-22T01:47:30","date_gmt":"2020-10-22T01:47:30","guid":{"rendered":"https:\/\/obispadosanfelipe.cl\/2020\/?p=3853"},"modified":"2020-10-22T01:48:52","modified_gmt":"2020-10-22T01:48:52","slug":"jovenes-confirmaron-su-fe-en-calle-larga","status":"publish","type":"post","link":"https:\/\/obispadosanfelipe.cl\/2020\/jovenes-confirmaron-su-fe-en-calle-larga\/","title":{"rendered":"J\u00f3venes confirmaron su fe en Calle Larga"},"content":{"rendered":"<p>El domingo 18 de octubre en la Parroquia Nuestra Se\u00f1ora de la Merced de Calle Larga se celebr\u00f3 la confirmaci\u00f3n de 8 j\u00f3venes, en la eucarist\u00eda presidida por el Padre Gonzalo Bravo \u00c1lvarez, obispo de San Felipe de Aconcagua, acompa\u00f1ado de los RP. \u00a0Roberto Gilbo csc y Pedro Parra csc.<\/p>\n<p>Estos j\u00f3venes tuvieron un proceso de formaci\u00f3n de dos a\u00f1os y recibieron este sacramento en esta fecha debido a la situaci\u00f3n sanitaria por la pandemia del COVID-19, y durante este periodo continuaron con los encuentros de manera virtual.<\/p>\n<p>Es importante destacar que estos ocho j\u00f3venes algunos participan en la Pastoral Juvenil de la parroquia, en las Misiones organizadas por la parroquia y tambi\u00e9n en el CEVAS que tradicionalmente se realizan en el verano.<\/p>\n<p>El sacramento de la confirmaci\u00f3n une m\u00e1s \u00edntimamente a la Iglesia y enriquece con una fortaleza especial del Esp\u00edritu Santo, y con ello quienes la reciben quedan obligados a difundir y defender la fe a trav\u00e9s de la palabra y las obras, como verdaderos testigos de Cristo.<\/p>\n<p>&nbsp;<\/p>\n\n\t\t\t<style type='text\/css'>\n\t\t\t\t#gallery-1 {\n\t\t\t\t\tmargin: auto;\n\t\t\t\t}\n\t\t\t\t#gallery-1 .gallery-item {\n\t\t\t\t\tfloat: left;\n\t\t\t\t\tmargin-top: 10px;\n\t\t\t\t\ttext-align: center;\n\t\t\t\t\twidth: 33%;\n\t\t\t\t}\n\t\t\t\t#gallery-1 img {\n\t\t\t\t\tborder: 2px solid #cfcfcf;\n\t\t\t\t}\n\t\t\t\t#gallery-1 .gallery-caption {\n\t\t\t\t\tmargin-left: 0;\n\t\t\t\t}\n\t\t\t\t\/* see gallery_shortcode() in wp-includes\/media.php *\/\n\t\t\t<\/style>\n\t\t<div id='gallery-1' class='dt-gallery-container gallery galleryid-3853 gallery-columns-3 gallery-size-thumbnail'><dl class='gallery-item'>\n\t\t\t\t<dt class='gallery-icon landscape'>\n\t\t\t\t\t<a class=\"rollover rollover-zoom dt-pswp-item\" title=\"121781337_183447989974220_1665286492467616758_o\" data-dt-img-description=\"\" data-large_image_width=\"960\" data-large_image_height=\"960\"href='https:\/\/obispadosanfelipe.cl\/2020\/wp-content\/uploads\/2020\/10\/121781337_183447989974220_1665286492467616758_o.jpg'><img width=\"150\" height=\"150\" src=\"https:\/\/obispadosanfelipe.cl\/2020\/wp-content\/uploads\/2020\/10\/121781337_183447989974220_1665286492467616758_o-150x150.jpg\" class=\"attachment-thumbnail size-thumbnail\" alt=\"\" loading=\"lazy\" srcset=\"https:\/\/obispadosanfelipe.cl\/2020\/wp-content\/uploads\/2020\/10\/121781337_183447989974220_1665286492467616758_o-150x150.jpg 150w, https:\/\/obispadosanfelipe.cl\/2020\/wp-content\/uploads\/2020\/10\/121781337_183447989974220_1665286492467616758_o-300x300.jpg 300w, https:\/\/obispadosanfelipe.cl\/2020\/wp-content\/uploads\/2020\/10\/121781337_183447989974220_1665286492467616758_o-768x768.jpg 768w, https:\/\/obispadosanfelipe.cl\/2020\/wp-content\/uploads\/2020\/10\/121781337_183447989974220_1665286492467616758_o.jpg 960w\" sizes=\"(max-width: 150px) 100vw, 150px\" \/><\/a>\n\t\t\t\t<\/dt><\/dl><dl class='gallery-item'>\n\t\t\t\t<dt class='gallery-icon landscape'>\n\t\t\t\t\t<a class=\"rollover rollover-zoom dt-pswp-item\" title=\"121776601_183447986640887_9010076078420814570_o\" data-dt-img-description=\"\" data-large_image_width=\"960\" data-large_image_height=\"960\"href='https:\/\/obispadosanfelipe.cl\/2020\/wp-content\/uploads\/2020\/10\/121776601_183447986640887_9010076078420814570_o.jpg'><img width=\"150\" height=\"150\" src=\"https:\/\/obispadosanfelipe.cl\/2020\/wp-content\/uploads\/2020\/10\/121776601_183447986640887_9010076078420814570_o-150x150.jpg\" class=\"attachment-thumbnail size-thumbnail\" alt=\"\" loading=\"lazy\" srcset=\"https:\/\/obispadosanfelipe.cl\/2020\/wp-content\/uploads\/2020\/10\/121776601_183447986640887_9010076078420814570_o-150x150.jpg 150w, https:\/\/obispadosanfelipe.cl\/2020\/wp-content\/uploads\/2020\/10\/121776601_183447986640887_9010076078420814570_o-300x300.jpg 300w, https:\/\/obispadosanfelipe.cl\/2020\/wp-content\/uploads\/2020\/10\/121776601_183447986640887_9010076078420814570_o-768x768.jpg 768w, https:\/\/obispadosanfelipe.cl\/2020\/wp-content\/uploads\/2020\/10\/121776601_183447986640887_9010076078420814570_o.jpg 960w\" sizes=\"(max-width: 150px) 100vw, 150px\" \/><\/a>\n\t\t\t\t<\/dt><\/dl><dl class='gallery-item'>\n\t\t\t\t<dt class='gallery-icon landscape'>\n\t\t\t\t\t<a class=\"rollover rollover-zoom dt-pswp-item\" title=\"\" data-dt-img-description=\"\" data-large_image_width=\"960\" data-large_image_height=\"960\"href='https:\/\/obispadosanfelipe.cl\/2020\/wp-content\/uploads\/2020\/10\/121674847_183448003307552_2852346547101016116_o.jpg'><img width=\"150\" height=\"150\" src=\"https:\/\/obispadosanfelipe.cl\/2020\/wp-content\/uploads\/2020\/10\/121674847_183448003307552_2852346547101016116_o-150x150.jpg\" class=\"attachment-thumbnail size-thumbnail\" alt=\"\" loading=\"lazy\" srcset=\"https:\/\/obispadosanfelipe.cl\/2020\/wp-content\/uploads\/2020\/10\/121674847_183448003307552_2852346547101016116_o-150x150.jpg 150w, https:\/\/obispadosanfelipe.cl\/2020\/wp-content\/uploads\/2020\/10\/121674847_183448003307552_2852346547101016116_o-300x300.jpg 300w, https:\/\/obispadosanfelipe.cl\/2020\/wp-content\/uploads\/2020\/10\/121674847_183448003307552_2852346547101016116_o-768x768.jpg 768w, https:\/\/obispadosanfelipe.cl\/2020\/wp-content\/uploads\/2020\/10\/121674847_183448003307552_2852346547101016116_o.jpg 960w\" sizes=\"(max-width: 150px) 100vw, 150px\" \/><\/a>\n\t\t\t\t<\/dt><\/dl><br style=\"clear: both\" \/>\n\t\t\t<\/div>\n\n","protected":false},"excerpt":{"rendered":"<p>El domingo 18 de octubre en la Parroquia Nuestra Se\u00f1ora de la Merced de Calle Larga se celebr\u00f3 la confirmaci\u00f3n de 8 j\u00f3venes, en la eucarist\u00eda presidida por el Padre&hellip;<\/p>\n","protected":false},"author":1,"featured_media":3854,"comment_status":"closed","ping_status":"open","sticky":false,"template":"","format":"standard","meta":[],"categories":[6,5],"tags":[],"_links":{"self":[{"href":"https:\/\/obispadosanfelipe.cl\/2020\/wp-json\/wp\/v2\/posts\/3853"}],"collection":[{"href":"https:\/\/obispadosanfelipe.cl\/2020\/wp-json\/wp\/v2\/posts"}],"about":[{"href":"https:\/\/obispadosanfelipe.cl\/2020\/wp-json\/wp\/v2\/types\/post"}],"author":[{"embeddable":true,"href":"https:\/\/obispadosanfelipe.cl\/2020\/wp-json\/wp\/v2\/users\/1"}],"replies":[{"embeddable":true,"href":"https:\/\/obispadosanfelipe.cl\/2020\/wp-json\/wp\/v2\/comments?post=3853"}],"version-history":[{"count":0,"href":"https:\/\/obispadosanfelipe.cl\/2020\/wp-json\/wp\/v2\/posts\/3853\/revisions"}],"wp:featuredmedia":[{"embeddable":true,"href":"https:\/\/obispadosanfelipe.cl\/2020\/wp-json\/wp\/v2\/media\/3854"}],"wp:attachment":[{"href":"https:\/\/obispadosanfelipe.cl\/2020\/wp-json\/wp\/v2\/media?parent=3853"}],"wp:term":[{"taxonomy":"category","embeddable":true,"href":"https:\/\/obispadosanfelipe.cl\/2020\/wp-json\/wp\/v2\/categories?post=3853"},{"taxonomy":"post_tag","embeddable":true,"href":"https:\/\/obispadosanfelipe.cl\/2020\/wp-json\/wp\/v2\/tags?post=3853"}],"curies":[{"name":"wp","href":"https:\/\/api.w.org\/{rel}","templated":true}]}}