{"id":3859,"date":"2020-10-22T09:48:00","date_gmt":"2020-10-22T09:48:00","guid":{"rendered":"https:\/\/obispadosanfelipe.cl\/2020\/?p=3859"},"modified":"2020-10-22T21:19:08","modified_gmt":"2020-10-22T21:19:08","slug":"obispo-de-san-felipe-se-reune-con-dirigentes-vecinales","status":"publish","type":"post","link":"https:\/\/obispadosanfelipe.cl\/2020\/obispo-de-san-felipe-se-reune-con-dirigentes-vecinales\/","title":{"rendered":"Obispo de San Felipe se re\u00fane con dirigentes vecinales"},"content":{"rendered":"<p>Un encuentro realizado en la Pobl. Yevide con dirigentes vecinales sostuvo el padre Gonzalo Bravo, Obispo de San Felipe, que se desarroll\u00f3 para escuchar las principales preocupaciones que tienen los presidentes de las juntas de vecinos de La Nacional, Cerro Yevide, Sol del Inca, Las Camelias y Santa Rosa, poblaciones vecinas al campamento ubicado en el sector surponiente de la ciudad.<\/p>\n<p>Esta reuni\u00f3n fue un di\u00e1logo franco y sincero que permiti\u00f3 a los dirigentes expresarle al Padre Gonzalo sus inquietudes, en materias tan diversas como seguridad p\u00fablica, residuos domiciliarios, agua potable, alcantarillado, convivencia vecinal. Adem\u00e1s de pedirle ayuda para que el Gobierno se haga parte de la soluci\u00f3n de estas problem\u00e1ticas que afecta a la calidad de vida de todos los vecinos.<\/p>\n<p>El Padre Gonzalo les manifest\u00f3 a los dirigentes que la Iglesia siempre ha tenido una preocupaci\u00f3n especial por los m\u00e1s vulnerables, y por esta raz\u00f3n se ha visitado el campamento para apoyar a las familias que viven en dicho sector, al igual que se han apoyado otras comunidades de la di\u00f3cesis que tambi\u00e9n lo requieren.<\/p>\n<p>Mar\u00eda M\u00e9ndez, presidenta de la Junta de Vecinos Pobl. Yevide expres\u00f3: \u201c<em>fue muy importante esta reuni\u00f3n con el Padre Gonzalo porque nos aclar\u00f3 muchas dudas que ten\u00edamos como dirigentes, adem\u00e1s que dio la cara y tuvo la paciencia de escuchar nuestras inquietudes, dudas y malestares. Agradecemos que el padre haya venido porque dio la cara y\u00a0 escucharnos, creo que eso le hacen falta a las autoridades y deber\u00edan seguir su ejemplo de estar con la gente<\/em>\u201d.<\/p>\n<p>&nbsp;<\/p>\n\n\t\t\t<style type='text\/css'>\n\t\t\t\t#gallery-1 {\n\t\t\t\t\tmargin: auto;\n\t\t\t\t}\n\t\t\t\t#gallery-1 .gallery-item {\n\t\t\t\t\tfloat: left;\n\t\t\t\t\tmargin-top: 10px;\n\t\t\t\t\ttext-align: center;\n\t\t\t\t\twidth: 33%;\n\t\t\t\t}\n\t\t\t\t#gallery-1 img {\n\t\t\t\t\tborder: 2px solid #cfcfcf;\n\t\t\t\t}\n\t\t\t\t#gallery-1 .gallery-caption {\n\t\t\t\t\tmargin-left: 0;\n\t\t\t\t}\n\t\t\t\t\/* see gallery_shortcode() in wp-includes\/media.php *\/\n\t\t\t<\/style>\n\t\t<div id='gallery-1' class='dt-gallery-container gallery galleryid-3859 gallery-columns-3 gallery-size-thumbnail'><dl class='gallery-item'>\n\t\t\t\t<dt class='gallery-icon landscape'>\n\t\t\t\t\t<a class=\"rollover\" href='https:\/\/obispadosanfelipe.cl\/2020\/obispo-de-san-felipe-se-reune-con-dirigentes-vecinales\/d2a9aba3-1f29-486a-a035-d72ea1ce6668\/'><img width=\"150\" height=\"150\" src=\"https:\/\/obispadosanfelipe.cl\/2020\/wp-content\/uploads\/2020\/10\/d2a9aba3-1f29-486a-a035-d72ea1ce6668-150x150.jpg\" class=\"attachment-thumbnail size-thumbnail\" alt=\"\" loading=\"lazy\" \/><\/a>\n\t\t\t\t<\/dt><\/dl><dl class='gallery-item'>\n\t\t\t\t<dt class='gallery-icon landscape'>\n\t\t\t\t\t<a class=\"rollover\" href='https:\/\/obispadosanfelipe.cl\/2020\/obispo-de-san-felipe-se-reune-con-dirigentes-vecinales\/a878f4ac-49fb-4ddf-b982-08879b4d7844\/'><img width=\"150\" height=\"150\" src=\"https:\/\/obispadosanfelipe.cl\/2020\/wp-content\/uploads\/2020\/10\/a878f4ac-49fb-4ddf-b982-08879b4d7844-150x150.jpg\" class=\"attachment-thumbnail size-thumbnail\" alt=\"\" loading=\"lazy\" \/><\/a>\n\t\t\t\t<\/dt><\/dl><dl class='gallery-item'>\n\t\t\t\t<dt class='gallery-icon landscape'>\n\t\t\t\t\t<a class=\"rollover\" href='https:\/\/obispadosanfelipe.cl\/2020\/obispo-de-san-felipe-se-reune-con-dirigentes-vecinales\/912098b6-9d8b-4ee7-adb7-840f1ef1f078\/'><img width=\"150\" height=\"150\" src=\"https:\/\/obispadosanfelipe.cl\/2020\/wp-content\/uploads\/2020\/10\/912098b6-9d8b-4ee7-adb7-840f1ef1f078-150x150.jpg\" class=\"attachment-thumbnail size-thumbnail\" alt=\"\" loading=\"lazy\" \/><\/a>\n\t\t\t\t<\/dt><\/dl><br style=\"clear: both\" \/><dl class='gallery-item'>\n\t\t\t\t<dt class='gallery-icon landscape'>\n\t\t\t\t\t<a class=\"rollover\" href='https:\/\/obispadosanfelipe.cl\/2020\/obispo-de-san-felipe-se-reune-con-dirigentes-vecinales\/0875507c-9b16-4ced-b258-353d008eab40\/'><img width=\"150\" height=\"150\" src=\"https:\/\/obispadosanfelipe.cl\/2020\/wp-content\/uploads\/2020\/10\/0875507c-9b16-4ced-b258-353d008eab40-150x150.jpg\" class=\"attachment-thumbnail size-thumbnail\" alt=\"\" loading=\"lazy\" \/><\/a>\n\t\t\t\t<\/dt><\/dl><dl class='gallery-item'>\n\t\t\t\t<dt class='gallery-icon landscape'>\n\t\t\t\t\t<a class=\"rollover\" href='https:\/\/obispadosanfelipe.cl\/2020\/obispo-de-san-felipe-se-reune-con-dirigentes-vecinales\/2de97054-2b8c-4a6a-8d4e-c00c566e63c1\/'><img width=\"150\" height=\"150\" src=\"https:\/\/obispadosanfelipe.cl\/2020\/wp-content\/uploads\/2020\/10\/2de97054-2b8c-4a6a-8d4e-c00c566e63c1-150x150.jpg\" class=\"attachment-thumbnail size-thumbnail\" alt=\"\" loading=\"lazy\" \/><\/a>\n\t\t\t\t<\/dt><\/dl>\n\t\t\t\t<br style='clear: both' \/>\n\t\t\t<\/div>\n\n<p>&nbsp;<\/p>\n<p>&nbsp;<\/p>\n<p>&nbsp;<\/p>\n<p>Fuente: Oficina de Comunicaciones<\/p>\n","protected":false},"excerpt":{"rendered":"<p>Un encuentro realizado en la Pobl. Yevide con dirigentes vecinales sostuvo el padre Gonzalo Bravo, Obispo de San Felipe, que se desarroll\u00f3 para escuchar las principales preocupaciones que tienen los&hellip;<\/p>\n","protected":false},"author":1,"featured_media":3864,"comment_status":"closed","ping_status":"open","sticky":false,"template":"","format":"standard","meta":[],"categories":[6,5],"tags":[],"_links":{"self":[{"href":"https:\/\/obispadosanfelipe.cl\/2020\/wp-json\/wp\/v2\/posts\/3859"}],"collection":[{"href":"https:\/\/obispadosanfelipe.cl\/2020\/wp-json\/wp\/v2\/posts"}],"about":[{"href":"https:\/\/obispadosanfelipe.cl\/2020\/wp-json\/wp\/v2\/types\/post"}],"author":[{"embeddable":true,"href":"https:\/\/obispadosanfelipe.cl\/2020\/wp-json\/wp\/v2\/users\/1"}],"replies":[{"embeddable":true,"href":"https:\/\/obispadosanfelipe.cl\/2020\/wp-json\/wp\/v2\/comments?post=3859"}],"version-history":[{"count":0,"href":"https:\/\/obispadosanfelipe.cl\/2020\/wp-json\/wp\/v2\/posts\/3859\/revisions"}],"wp:featuredmedia":[{"embeddable":true,"href":"https:\/\/obispadosanfelipe.cl\/2020\/wp-json\/wp\/v2\/media\/3864"}],"wp:attachment":[{"href":"https:\/\/obispadosanfelipe.cl\/2020\/wp-json\/wp\/v2\/media?parent=3859"}],"wp:term":[{"taxonomy":"category","embeddable":true,"href":"https:\/\/obispadosanfelipe.cl\/2020\/wp-json\/wp\/v2\/categories?post=3859"},{"taxonomy":"post_tag","embeddable":true,"href":"https:\/\/obispadosanfelipe.cl\/2020\/wp-json\/wp\/v2\/tags?post=3859"}],"curies":[{"name":"wp","href":"https:\/\/api.w.org\/{rel}","templated":true}]}}